{"id":7182,"date":"2025-04-03T01:29:27","date_gmt":"2025-04-03T00:29:27","guid":{"rendered":"https:\/\/www.ticmais.pt\/?p=7182"},"modified":"2025-04-03T01:29:27","modified_gmt":"2025-04-03T00:29:27","slug":"portugal-e-espanha-preparam-parecer-sobre-impacto-da-dependencia-digital-na-saude-dos-mais-novos","status":"publish","type":"post","link":"https:\/\/www.ticmais.pt\/?p=7182","title":{"rendered":"Portugal e Espanha preparam parecer sobre impacto da depend\u00eancia digital na sa\u00fade dos mais novos"},"content":{"rendered":"<p><img decoding=\"async\" class=\"alignleft\" src=\"https:\/\/www.ticmais.pt\/ticmais\/imagens\/Portugal-e-Espanha-preparam-parecer-sobre-impacto-da-dependncia-digital-na-sade-dos-mais-novos.jpg\" \/><\/p>\n<p style=\"text-align: justify;\">O parecer, intitulado \u201cPerspetivas \u00e9ticas sobre o impacto da depend\u00eancia digital na sa\u00fade de crian\u00e7as e jovens\u201d, ser\u00e1 apresentado na pr\u00f3xima edi\u00e7\u00e3o do National Ethics Councils Forum, que decorrer\u00e1 em Vars\u00f3via, nos dias 26 e 27 de junho. <a href=\"https:\/\/tek.sapo.pt\/noticias\/internet\/artigos\/portugal-e-espanha-preparam-parecer-sobre-impacto-da-dependencia-digital-na-saude-dos-mais-novos\">Mais&#8230;<\/a><\/p>\n","protected":false},"excerpt":{"rendered":"<p>O parecer, intitulado \u201cPerspetivas \u00e9ticas sobre o impacto da depend\u00eancia digital na sa\u00fade de crian\u00e7as e jovens\u201d, ser\u00e1 apresentado na pr\u00f3xima edi\u00e7\u00e3o do National Ethics Councils Forum, que decorrer\u00e1 em Vars\u00f3via, nos dias 26 e 27 de junho. Mais&#8230;<\/p>\n","protected":false},"author":1,"featured_media":0,"comment_status":"closed","ping_status":"closed","sticky":false,"template":"","format":"standard","meta":{"footnotes":""},"categories":[15],"tags":[231,4729,151,1456,132],"class_list":["post-7182","post","type-post","status-publish","format-standard","hentry","category-tic-mais","tag-criancas","tag-dependencia-digital","tag-espanha","tag-jovens","tag-portugal"],"_links":{"self":[{"href":"https:\/\/www.ticmais.pt\/index.php?rest_route=\/wp\/v2\/posts\/7182","targetHints":{"allow":["GET"]}}],"collection":[{"href":"https:\/\/www.ticmais.pt\/index.php?rest_route=\/wp\/v2\/posts"}],"about":[{"href":"https:\/\/www.ticmais.pt\/index.php?rest_route=\/wp\/v2\/types\/post"}],"author":[{"embeddable":true,"href":"https:\/\/www.ticmais.pt\/index.php?rest_route=\/wp\/v2\/users\/1"}],"replies":[{"embeddable":true,"href":"https:\/\/www.ticmais.pt\/index.php?rest_route=%2Fwp%2Fv2%2Fcomments&post=7182"}],"version-history":[{"count":0,"href":"https:\/\/www.ticmais.pt\/index.php?rest_route=\/wp\/v2\/posts\/7182\/revisions"}],"wp:attachment":[{"href":"https:\/\/www.ticmais.pt\/index.php?rest_route=%2Fwp%2Fv2%2Fmedia&parent=7182"}],"wp:term":[{"taxonomy":"category","embeddable":true,"href":"https:\/\/www.ticmais.pt\/index.php?rest_route=%2Fwp%2Fv2%2Fcategories&post=7182"},{"taxonomy":"post_tag","embeddable":true,"href":"https:\/\/www.ticmais.pt\/index.php?rest_route=%2Fwp%2Fv2%2Ftags&post=7182"}],"curies":[{"name":"wp","href":"https:\/\/api.w.org\/{rel}","templated":true}]}}