{"id":7189,"date":"2025-04-23T20:55:51","date_gmt":"2025-04-23T19:55:51","guid":{"rendered":"https:\/\/www.ticmais.pt\/?p=7189"},"modified":"2025-04-23T20:55:51","modified_gmt":"2025-04-23T19:55:51","slug":"meta-processada-por-mais-de-200-meios-de-comunicacao-social-e-acusada-de-praticas-desleais","status":"publish","type":"post","link":"https:\/\/www.ticmais.pt\/?p=7189","title":{"rendered":"Meta processada por mais de 200 meios de comunica\u00e7\u00e3o social e acusada de pr\u00e1ticas desleais"},"content":{"rendered":"<p style=\"text-align: justify;\"><img decoding=\"async\" class=\"alignleft\" src=\"https:\/\/www.ticmais.pt\/ticmais\/imagens\/Meta-processada-por-mais-de-200-meios-de-comunicao-social-e-acusada-de-prticas-desleais.jpg\" \/><\/p>\n<p style=\"text-align: justify;\">Mais de 200 media franceses, p\u00fablicos e privados, entre televis\u00f5es, r\u00e1dios, jornais e revistas, processaram a Meta, liderada por Mark Zuckerberg, devido a &#8220;pr\u00e1ticas ilegais&#8221; que os privaram de boa parte da publicidade no digital. <a href=\"https:\/\/tek.sapo.pt\/noticias\/internet\/artigos\/meta-processada-por-mais-de-200-meios-de-comunicacao-social-e-acusada-de-praticas-desleais\">Mais&#8230;<\/a><\/p>\n","protected":false},"excerpt":{"rendered":"<p>Mais de 200 media franceses, p\u00fablicos e privados, entre televis\u00f5es, r\u00e1dios, jornais e revistas, processaram a Meta, liderada por Mark Zuckerberg, devido a &#8220;pr\u00e1ticas ilegais&#8221; que os privaram de boa parte da publicidade no digital. Mais&#8230;<\/p>\n","protected":false},"author":1,"featured_media":0,"comment_status":"closed","ping_status":"closed","sticky":false,"template":"","format":"standard","meta":{"footnotes":""},"categories":[15],"tags":[513,277,4739,4740,908],"class_list":["post-7189","post","type-post","status-publish","format-standard","hentry","category-tic-mais","tag-franca","tag-media-e-comunicacoes","tag-meta","tag-processada","tag-publicidade"],"_links":{"self":[{"href":"https:\/\/www.ticmais.pt\/index.php?rest_route=\/wp\/v2\/posts\/7189","targetHints":{"allow":["GET"]}}],"collection":[{"href":"https:\/\/www.ticmais.pt\/index.php?rest_route=\/wp\/v2\/posts"}],"about":[{"href":"https:\/\/www.ticmais.pt\/index.php?rest_route=\/wp\/v2\/types\/post"}],"author":[{"embeddable":true,"href":"https:\/\/www.ticmais.pt\/index.php?rest_route=\/wp\/v2\/users\/1"}],"replies":[{"embeddable":true,"href":"https:\/\/www.ticmais.pt\/index.php?rest_route=%2Fwp%2Fv2%2Fcomments&post=7189"}],"version-history":[{"count":0,"href":"https:\/\/www.ticmais.pt\/index.php?rest_route=\/wp\/v2\/posts\/7189\/revisions"}],"wp:attachment":[{"href":"https:\/\/www.ticmais.pt\/index.php?rest_route=%2Fwp%2Fv2%2Fmedia&parent=7189"}],"wp:term":[{"taxonomy":"category","embeddable":true,"href":"https:\/\/www.ticmais.pt\/index.php?rest_route=%2Fwp%2Fv2%2Fcategories&post=7189"},{"taxonomy":"post_tag","embeddable":true,"href":"https:\/\/www.ticmais.pt\/index.php?rest_route=%2Fwp%2Fv2%2Ftags&post=7189"}],"curies":[{"name":"wp","href":"https:\/\/api.w.org\/{rel}","templated":true}]}}