{"id":7194,"date":"2025-04-29T02:16:02","date_gmt":"2025-04-29T01:16:02","guid":{"rendered":"https:\/\/www.ticmais.pt\/?p=7194"},"modified":"2025-04-29T02:16:02","modified_gmt":"2025-04-29T01:16:02","slug":"as-falhas-eletricas-desta-dimensao-sao-comuns-o-que-se-sabe-sobre-o-apagao-que-parou-portugal","status":"publish","type":"post","link":"https:\/\/www.ticmais.pt\/?p=7194","title":{"rendered":"As falhas el\u00e9tricas desta dimens\u00e3o s\u00e3o comuns? O que se sabe sobre o apag\u00e3o que parou Portugal?"},"content":{"rendered":"<p><img decoding=\"async\" class=\"alignleft\" src=\"https:\/\/www.ticmais.pt\/ticmais\/imagens\/As-falhas-eltricas-desta-dimenso-so-comuns-O-que-se-sabe-sobre-o-apago-que-parou-Portugal.jpg\" \/><\/p>\n<p style=\"text-align: justify;\">Os servi\u00e7os j\u00e1 come\u00e7aram a ser repostos, mas milh\u00f5es de portugueses estiveram sem eletricidade e sem redes de comunica\u00e7\u00f5es naquela que \u00e9 apontada como uma das maiores falhas do sistema el\u00e9trico na Europa. Que outros apag\u00f5es de grande dimens\u00e3o se registaram nos \u00faltimos anos e o que se sabe sobre o evento que hoje parou Portugal, Espanha e uma parte de Fran\u00e7a? <a href=\"https:\/\/tek.sapo.pt\/noticias\/negocios\/artigos\/as-falhas-eletricas-desta-dimensao-sao-comuns-o-que-se-sabe-sobre-o-apagao-que-parou-portugal\">Mais&#8230;<\/a><\/p>\n","protected":false},"excerpt":{"rendered":"<p>Os servi\u00e7os j\u00e1 come\u00e7aram a ser repostos, mas milh\u00f5es de portugueses estiveram sem eletricidade e sem redes de comunica\u00e7\u00f5es naquela que \u00e9 apontada como uma das maiores falhas do sistema el\u00e9trico na Europa. Que outros apag\u00f5es de grande dimens\u00e3o se registaram nos \u00faltimos anos e o que se sabe sobre o evento que hoje parou [&hellip;]<\/p>\n","protected":false},"author":1,"featured_media":0,"comment_status":"closed","ping_status":"closed","sticky":false,"template":"","format":"standard","meta":{"footnotes":""},"categories":[15],"tags":[4742,4107,132],"class_list":["post-7194","post","type-post","status-publish","format-standard","hentry","category-tic-mais","tag-apagao","tag-energia-eletrica","tag-portugal"],"_links":{"self":[{"href":"https:\/\/www.ticmais.pt\/index.php?rest_route=\/wp\/v2\/posts\/7194","targetHints":{"allow":["GET"]}}],"collection":[{"href":"https:\/\/www.ticmais.pt\/index.php?rest_route=\/wp\/v2\/posts"}],"about":[{"href":"https:\/\/www.ticmais.pt\/index.php?rest_route=\/wp\/v2\/types\/post"}],"author":[{"embeddable":true,"href":"https:\/\/www.ticmais.pt\/index.php?rest_route=\/wp\/v2\/users\/1"}],"replies":[{"embeddable":true,"href":"https:\/\/www.ticmais.pt\/index.php?rest_route=%2Fwp%2Fv2%2Fcomments&post=7194"}],"version-history":[{"count":0,"href":"https:\/\/www.ticmais.pt\/index.php?rest_route=\/wp\/v2\/posts\/7194\/revisions"}],"wp:attachment":[{"href":"https:\/\/www.ticmais.pt\/index.php?rest_route=%2Fwp%2Fv2%2Fmedia&parent=7194"}],"wp:term":[{"taxonomy":"category","embeddable":true,"href":"https:\/\/www.ticmais.pt\/index.php?rest_route=%2Fwp%2Fv2%2Fcategories&post=7194"},{"taxonomy":"post_tag","embeddable":true,"href":"https:\/\/www.ticmais.pt\/index.php?rest_route=%2Fwp%2Fv2%2Ftags&post=7194"}],"curies":[{"name":"wp","href":"https:\/\/api.w.org\/{rel}","templated":true}]}}