{"id":7201,"date":"2025-05-21T00:31:38","date_gmt":"2025-05-20T23:31:38","guid":{"rendered":"https:\/\/www.ticmais.pt\/?p=7201"},"modified":"2025-05-21T00:31:38","modified_gmt":"2025-05-20T23:31:38","slug":"entrada-da-digi-agita-telecomunicacoes-em-portugal-e-reflete-se-nas-mensalidades-das-principais-operadoras","status":"publish","type":"post","link":"https:\/\/www.ticmais.pt\/?p=7201","title":{"rendered":"Entrada da Digi agita telecomunica\u00e7\u00f5es em Portugal e reflete-se nas mensalidades das principais operadoras"},"content":{"rendered":"<p><img decoding=\"async\" class=\"alignleft\" src=\"https:\/\/www.ticmais.pt\/ticmais\/imagens\/Entrada-da-Digi-agita-telecomunicaes-em-Portugal-e-reflete-se-nas-mensalidades-das-principais-operadoras-1.jpg\" \/><\/p>\n<p style=\"text-align: justify;\">A entrada da Digi em Portugal veio agitar o sector das comunica\u00e7\u00f5es. A operadora de origem romena deu in\u00edcio \u00e0s suas opera\u00e7\u00f5es no nosso pa\u00eds em novembro do ano passado e o lan\u00e7amento das suas ofertas low-cost refletiu-se nas mensalidades das principais operadoras, aponta o mais recente relat\u00f3rio da ANACOM. <a href=\"https:\/\/tek.sapo.pt\/noticias\/telecomunicacoes\/artigos\/entrada-da-digi-agita-telecomunicacoes-em-portugal-e-reflete-se-nas-mensalidades-das-principais-operadoras\">Mais&#8230;<\/a><\/p>\n","protected":false},"excerpt":{"rendered":"<p>A entrada da Digi em Portugal veio agitar o sector das comunica\u00e7\u00f5es. A operadora de origem romena deu in\u00edcio \u00e0s suas opera\u00e7\u00f5es no nosso pa\u00eds em novembro do ano passado e o lan\u00e7amento das suas ofertas low-cost refletiu-se nas mensalidades das principais operadoras, aponta o mais recente relat\u00f3rio da ANACOM. Mais&#8230;<\/p>\n","protected":false},"author":1,"featured_media":0,"comment_status":"closed","ping_status":"closed","sticky":false,"template":"","format":"standard","meta":{"footnotes":""},"categories":[15],"tags":[413,809,897,265,405,35],"class_list":["post-7201","post","type-post","status-publish","format-standard","hentry","category-tic-mais","tag-anacom","tag-concorrencia","tag-operadoras","tag-precos","tag-tarifarios","tag-telecomunicacoes"],"_links":{"self":[{"href":"https:\/\/www.ticmais.pt\/index.php?rest_route=\/wp\/v2\/posts\/7201","targetHints":{"allow":["GET"]}}],"collection":[{"href":"https:\/\/www.ticmais.pt\/index.php?rest_route=\/wp\/v2\/posts"}],"about":[{"href":"https:\/\/www.ticmais.pt\/index.php?rest_route=\/wp\/v2\/types\/post"}],"author":[{"embeddable":true,"href":"https:\/\/www.ticmais.pt\/index.php?rest_route=\/wp\/v2\/users\/1"}],"replies":[{"embeddable":true,"href":"https:\/\/www.ticmais.pt\/index.php?rest_route=%2Fwp%2Fv2%2Fcomments&post=7201"}],"version-history":[{"count":0,"href":"https:\/\/www.ticmais.pt\/index.php?rest_route=\/wp\/v2\/posts\/7201\/revisions"}],"wp:attachment":[{"href":"https:\/\/www.ticmais.pt\/index.php?rest_route=%2Fwp%2Fv2%2Fmedia&parent=7201"}],"wp:term":[{"taxonomy":"category","embeddable":true,"href":"https:\/\/www.ticmais.pt\/index.php?rest_route=%2Fwp%2Fv2%2Fcategories&post=7201"},{"taxonomy":"post_tag","embeddable":true,"href":"https:\/\/www.ticmais.pt\/index.php?rest_route=%2Fwp%2Fv2%2Ftags&post=7201"}],"curies":[{"name":"wp","href":"https:\/\/api.w.org\/{rel}","templated":true}]}}