{"id":7207,"date":"2025-06-22T21:51:06","date_gmt":"2025-06-22T20:51:06","guid":{"rendered":"https:\/\/www.ticmais.pt\/?p=7207"},"modified":"2025-06-22T21:51:06","modified_gmt":"2025-06-22T20:51:06","slug":"bandeira-azul-quais-sao-as-praias-que-tem-a-melhor-classificacao-em-portugal","status":"publish","type":"post","link":"https:\/\/www.ticmais.pt\/?p=7207","title":{"rendered":"Bandeira Azul: Quais s\u00e3o as praias que t\u00eam a melhor classifica\u00e7\u00e3o em Portugal?"},"content":{"rendered":"<p><img decoding=\"async\" class=\"alignleft\" src=\"https:\/\/www.ticmais.pt\/ticmais\/imagens\/Bandeira-Azul-Quais-so-as-praias-que-tm-a-melhor-classificao-em-Portugal.jpg\" \/><\/p>\n<p style=\"text-align: justify;\">Este ano, h\u00e1 em Portugal 444 locais de Bandeira Azul, o programa que representa a qualidade ambiental. Conhe\u00e7a as localiza\u00e7\u00f5es das praias com melhor classifica\u00e7\u00e3o.<br \/>\nPortugal est\u00e1 na sexta posi\u00e7\u00e3o entre os 51 pa\u00edses que acolhem o programa Bandeira Azul nas praias, assinalando a qualidade ambiental. Este ano h\u00e1 444 locais classificados pelo projeto, contando com praias, marinas e embarca\u00e7\u00f5es ecotur\u00edsticas. <a href=\"https:\/\/tek.sapo.pt\/extras\/site-do-dia\/artigos\/bandeira-azul-quais-sao-as-praias-que-tem-a-melhor-classificacao-em-portugal\">Mais..<\/a>.<\/p>\n","protected":false},"excerpt":{"rendered":"<p>Este ano, h\u00e1 em Portugal 444 locais de Bandeira Azul, o programa que representa a qualidade ambiental. Conhe\u00e7a as localiza\u00e7\u00f5es das praias com melhor classifica\u00e7\u00e3o. Portugal est\u00e1 na sexta posi\u00e7\u00e3o entre os 51 pa\u00edses que acolhem o programa Bandeira Azul nas praias, assinalando a qualidade ambiental. Este ano h\u00e1 444 locais classificados pelo projeto, contando [&hellip;]<\/p>\n","protected":false},"author":1,"featured_media":0,"comment_status":"closed","ping_status":"closed","sticky":false,"template":"","format":"standard","meta":{"footnotes":""},"categories":[15],"tags":[4748,132,4747],"class_list":["post-7207","post","type-post","status-publish","format-standard","hentry","category-tic-mais","tag-bandeira-azul","tag-portugal","tag-praias"],"_links":{"self":[{"href":"https:\/\/www.ticmais.pt\/index.php?rest_route=\/wp\/v2\/posts\/7207","targetHints":{"allow":["GET"]}}],"collection":[{"href":"https:\/\/www.ticmais.pt\/index.php?rest_route=\/wp\/v2\/posts"}],"about":[{"href":"https:\/\/www.ticmais.pt\/index.php?rest_route=\/wp\/v2\/types\/post"}],"author":[{"embeddable":true,"href":"https:\/\/www.ticmais.pt\/index.php?rest_route=\/wp\/v2\/users\/1"}],"replies":[{"embeddable":true,"href":"https:\/\/www.ticmais.pt\/index.php?rest_route=%2Fwp%2Fv2%2Fcomments&post=7207"}],"version-history":[{"count":0,"href":"https:\/\/www.ticmais.pt\/index.php?rest_route=\/wp\/v2\/posts\/7207\/revisions"}],"wp:attachment":[{"href":"https:\/\/www.ticmais.pt\/index.php?rest_route=%2Fwp%2Fv2%2Fmedia&parent=7207"}],"wp:term":[{"taxonomy":"category","embeddable":true,"href":"https:\/\/www.ticmais.pt\/index.php?rest_route=%2Fwp%2Fv2%2Fcategories&post=7207"},{"taxonomy":"post_tag","embeddable":true,"href":"https:\/\/www.ticmais.pt\/index.php?rest_route=%2Fwp%2Fv2%2Ftags&post=7207"}],"curies":[{"name":"wp","href":"https:\/\/api.w.org\/{rel}","templated":true}]}}