{"id":7225,"date":"2025-09-12T14:21:43","date_gmt":"2025-09-12T13:21:43","guid":{"rendered":"https:\/\/www.ticmais.pt\/?p=7225"},"modified":"2025-09-12T14:21:43","modified_gmt":"2025-09-12T13:21:43","slug":"um-parque-informatico-parado-no-tempo-o-que-falta-para-as-escolas-darem-resposta-as-exigencias-digitais","status":"publish","type":"post","link":"https:\/\/www.ticmais.pt\/?p=7225","title":{"rendered":"Um parque inform\u00e1tico &#8220;parado&#8221; no tempo: o que falta para as escolas darem resposta \u00e0s exig\u00eancias digitais?"},"content":{"rendered":"<p><img decoding=\"async\" class=\"alignleft\" src=\"https:\/\/www.ticmais.pt\/ticmais\/imagens\/Um-parque-informtico-parado-no-tempo-o-que-falta-para-as-escolas-darem-resposta-s-exigncias-digitais.jpg\" \/><\/p>\n<p style=\"text-align: justify;\">Apesar do investimento nos kits Escola Digital, muitas escolas continuam com computadores desatualizados e t\u00e9cnicos escassos, obrigando professores a improvisar, o que prejudica o ensino de compet\u00eancias digitais. Para a ANPRI, as prioridades que o Minist\u00e9rio da Educa\u00e7\u00e3o deve ter em conta s\u00e3o claras. <a href=\"https:\/\/tek.sapo.pt\/noticias\/computadores\/artigos\/um-parque-informatico-parado-no-tempo-o-que-falta-para-as-escolas-darem-resposta-as-exigencias-digitais\">Mais&#8230;<\/a><\/p>\n","protected":false},"excerpt":{"rendered":"<p>Apesar do investimento nos kits Escola Digital, muitas escolas continuam com computadores desatualizados e t\u00e9cnicos escassos, obrigando professores a improvisar, o que prejudica o ensino de compet\u00eancias digitais. Para a ANPRI, as prioridades que o Minist\u00e9rio da Educa\u00e7\u00e3o deve ter em conta s\u00e3o claras. Mais&#8230;<\/p>\n","protected":false},"author":1,"featured_media":0,"comment_status":"closed","ping_status":"closed","sticky":false,"template":"","format":"standard","meta":{"footnotes":""},"categories":[15],"tags":[20,3218,4766],"class_list":["post-7225","post","type-post","status-publish","format-standard","hentry","category-tic-mais","tag-ensino","tag-escola-digital","tag-parque-informatico"],"_links":{"self":[{"href":"https:\/\/www.ticmais.pt\/index.php?rest_route=\/wp\/v2\/posts\/7225","targetHints":{"allow":["GET"]}}],"collection":[{"href":"https:\/\/www.ticmais.pt\/index.php?rest_route=\/wp\/v2\/posts"}],"about":[{"href":"https:\/\/www.ticmais.pt\/index.php?rest_route=\/wp\/v2\/types\/post"}],"author":[{"embeddable":true,"href":"https:\/\/www.ticmais.pt\/index.php?rest_route=\/wp\/v2\/users\/1"}],"replies":[{"embeddable":true,"href":"https:\/\/www.ticmais.pt\/index.php?rest_route=%2Fwp%2Fv2%2Fcomments&post=7225"}],"version-history":[{"count":0,"href":"https:\/\/www.ticmais.pt\/index.php?rest_route=\/wp\/v2\/posts\/7225\/revisions"}],"wp:attachment":[{"href":"https:\/\/www.ticmais.pt\/index.php?rest_route=%2Fwp%2Fv2%2Fmedia&parent=7225"}],"wp:term":[{"taxonomy":"category","embeddable":true,"href":"https:\/\/www.ticmais.pt\/index.php?rest_route=%2Fwp%2Fv2%2Fcategories&post=7225"},{"taxonomy":"post_tag","embeddable":true,"href":"https:\/\/www.ticmais.pt\/index.php?rest_route=%2Fwp%2Fv2%2Ftags&post=7225"}],"curies":[{"name":"wp","href":"https:\/\/api.w.org\/{rel}","templated":true}]}}