{"id":7238,"date":"2025-11-06T02:17:13","date_gmt":"2025-11-06T01:17:13","guid":{"rendered":"https:\/\/www.ticmais.pt\/?p=7238"},"modified":"2025-11-06T02:17:13","modified_gmt":"2025-11-06T01:17:13","slug":"ao-solar-extender-a-solucao-da-nissan-para-prolongar-a-autonomia-dos-veiculos-eletricos","status":"publish","type":"post","link":"https:\/\/www.ticmais.pt\/?p=7238","title":{"rendered":"Ao-Solar Extender: a solu\u00e7\u00e3o da Nissan para prolongar a autonomia dos ve\u00edculos el\u00e9tricos"},"content":{"rendered":"<p><img decoding=\"async\" class=\"alignleft\" src=\"https:\/\/www.ticmais.pt\/ticmais\/imagens\/Ao-Solar-Extender-a-soluo-da-Nissan-para-prolongar-a-autonomia-dos-veculos-eltricos.jpg\" \/><\/p>\n<p style=\"text-align: justify;\">No Japan Mobility Show, a Nissan anunciou um prot\u00f3tipo equipado com um sistema de produ\u00e7\u00e3o de energia solar integrado. De nome Ao-Solar Extender, o sistema de pain\u00e9is solares procura reduzir a depend\u00eancia da rede el\u00e9trica e aumentar a conveni\u00eancia da utiliza\u00e7\u00e3o de ve\u00edculos el\u00e9tricos. <a href=\"https:\/\/pplware.sapo.pt\/motores\/ao-solar-extender-a-solucao-da-nissan-para-prolongar-a-autonomia-dos-veiculos-eletricos\/\">Mais&#8230;<\/a><\/p>\n","protected":false},"excerpt":{"rendered":"<p>No Japan Mobility Show, a Nissan anunciou um prot\u00f3tipo equipado com um sistema de produ\u00e7\u00e3o de energia solar integrado. De nome Ao-Solar Extender, o sistema de pain\u00e9is solares procura reduzir a depend\u00eancia da rede el\u00e9trica e aumentar a conveni\u00eancia da utiliza\u00e7\u00e3o de ve\u00edculos el\u00e9tricos. Mais&#8230;<\/p>\n","protected":false},"author":1,"featured_media":0,"comment_status":"closed","ping_status":"closed","sticky":false,"template":"","format":"standard","meta":{"footnotes":""},"categories":[15],"tags":[4775,4774,453,59],"class_list":["post-7238","post","type-post","status-publish","format-standard","hentry","category-tic-mais","tag-ao-solar-extender","tag-japan-mobility-show","tag-nissan","tag-veiculos-electricos"],"_links":{"self":[{"href":"https:\/\/www.ticmais.pt\/index.php?rest_route=\/wp\/v2\/posts\/7238","targetHints":{"allow":["GET"]}}],"collection":[{"href":"https:\/\/www.ticmais.pt\/index.php?rest_route=\/wp\/v2\/posts"}],"about":[{"href":"https:\/\/www.ticmais.pt\/index.php?rest_route=\/wp\/v2\/types\/post"}],"author":[{"embeddable":true,"href":"https:\/\/www.ticmais.pt\/index.php?rest_route=\/wp\/v2\/users\/1"}],"replies":[{"embeddable":true,"href":"https:\/\/www.ticmais.pt\/index.php?rest_route=%2Fwp%2Fv2%2Fcomments&post=7238"}],"version-history":[{"count":0,"href":"https:\/\/www.ticmais.pt\/index.php?rest_route=\/wp\/v2\/posts\/7238\/revisions"}],"wp:attachment":[{"href":"https:\/\/www.ticmais.pt\/index.php?rest_route=%2Fwp%2Fv2%2Fmedia&parent=7238"}],"wp:term":[{"taxonomy":"category","embeddable":true,"href":"https:\/\/www.ticmais.pt\/index.php?rest_route=%2Fwp%2Fv2%2Fcategories&post=7238"},{"taxonomy":"post_tag","embeddable":true,"href":"https:\/\/www.ticmais.pt\/index.php?rest_route=%2Fwp%2Fv2%2Ftags&post=7238"}],"curies":[{"name":"wp","href":"https:\/\/api.w.org\/{rel}","templated":true}]}}