{"id":7243,"date":"2025-11-27T00:51:50","date_gmt":"2025-11-26T23:51:50","guid":{"rendered":"https:\/\/www.ticmais.pt\/?p=7243"},"modified":"2025-11-27T00:51:50","modified_gmt":"2025-11-26T23:51:50","slug":"eurodeputados-querem-protecao-reforcada-para-jovens-online-e-defendem-idade-minima-para-as-redes-sociais","status":"publish","type":"post","link":"https:\/\/www.ticmais.pt\/?p=7243","title":{"rendered":"Eurodeputados querem prote\u00e7\u00e3o refor\u00e7ada para jovens online e defendem idade m\u00ednima para as redes sociais"},"content":{"rendered":"<p><img decoding=\"async\" class=\"alignleft\" src=\"https:\/\/www.ticmais.pt\/ticmais\/imagens\/Eurodeputados-querem-proteo-reforada-para-jovens-online-e-defendem-idade-mnima-para-as-redes-sociais.jpg\" \/><\/p>\n<p style=\"text-align: justify;\">O Parlamento Europeu acaba votar a favor de um relat\u00f3rio que defende a implementa\u00e7\u00e3o de uma idade m\u00ednima de 16 anos para o acesso \u00e0s redes sociais, a plataformas de partilha de v\u00eddeos e a assistentes de IA na Uni\u00e3o Europeia. <a href=\"https:\/\/tek.sapo.pt\/noticias\/internet\/artigos\/eurodeputados-querem-protecao-reforcada-para-jovens-online-e-defendem-idade-minima-para-as-redes-sociais\">Mais&#8230;<\/a><\/p>\n","protected":false},"excerpt":{"rendered":"<p>O Parlamento Europeu acaba votar a favor de um relat\u00f3rio que defende a implementa\u00e7\u00e3o de uma idade m\u00ednima de 16 anos para o acesso \u00e0s redes sociais, a plataformas de partilha de v\u00eddeos e a assistentes de IA na Uni\u00e3o Europeia. Mais&#8230;<\/p>\n","protected":false},"author":1,"featured_media":0,"comment_status":"closed","ping_status":"closed","sticky":false,"template":"","format":"standard","meta":{"footnotes":""},"categories":[15],"tags":[4527,1456,654,248,153],"class_list":["post-7243","post","type-post","status-publish","format-standard","hentry","category-tic-mais","tag-idade-minima","tag-jovens","tag-online","tag-parlamento-europeu","tag-redes-sociais"],"_links":{"self":[{"href":"https:\/\/www.ticmais.pt\/index.php?rest_route=\/wp\/v2\/posts\/7243","targetHints":{"allow":["GET"]}}],"collection":[{"href":"https:\/\/www.ticmais.pt\/index.php?rest_route=\/wp\/v2\/posts"}],"about":[{"href":"https:\/\/www.ticmais.pt\/index.php?rest_route=\/wp\/v2\/types\/post"}],"author":[{"embeddable":true,"href":"https:\/\/www.ticmais.pt\/index.php?rest_route=\/wp\/v2\/users\/1"}],"replies":[{"embeddable":true,"href":"https:\/\/www.ticmais.pt\/index.php?rest_route=%2Fwp%2Fv2%2Fcomments&post=7243"}],"version-history":[{"count":0,"href":"https:\/\/www.ticmais.pt\/index.php?rest_route=\/wp\/v2\/posts\/7243\/revisions"}],"wp:attachment":[{"href":"https:\/\/www.ticmais.pt\/index.php?rest_route=%2Fwp%2Fv2%2Fmedia&parent=7243"}],"wp:term":[{"taxonomy":"category","embeddable":true,"href":"https:\/\/www.ticmais.pt\/index.php?rest_route=%2Fwp%2Fv2%2Fcategories&post=7243"},{"taxonomy":"post_tag","embeddable":true,"href":"https:\/\/www.ticmais.pt\/index.php?rest_route=%2Fwp%2Fv2%2Ftags&post=7243"}],"curies":[{"name":"wp","href":"https:\/\/api.w.org\/{rel}","templated":true}]}}