{"id":7280,"date":"2026-04-28T23:55:34","date_gmt":"2026-04-28T22:55:34","guid":{"rendered":"https:\/\/www.ticmais.pt\/?p=7280"},"modified":"2026-04-28T23:55:34","modified_gmt":"2026-04-28T22:55:34","slug":"ha-um-ano-ficamos-todos-as-escuras-as-licoes-do-apagao-e-as-fragilidades-que-permanecem","status":"publish","type":"post","link":"https:\/\/www.ticmais.pt\/?p=7280","title":{"rendered":"H\u00e1 um ano fic\u00e1mos todos \u00e0s escuras: As li\u00e7\u00f5es do apag\u00e3o e as fragilidades que permanecem"},"content":{"rendered":"<p style=\"text-align: justify;\"><img decoding=\"async\" class=\"alignleft\" src=\"https:\/\/www.ticmais.pt\/ticmais\/imagens\/H-um-ano-ficmos-todos-s-escuras-As-lies-do-apago-e-as-fragilidades-que-permanecem.jpg\" \/><\/p>\n<p style=\"text-align: justify;\">Um ano depois do apag\u00e3o, e \u00e0 medida que Portugal ainda enfrenta os efeitos do \u201ccomboio\u201d de tempestades que deixou um rasto de destrui\u00e7\u00e3o, h\u00e1 falhas que permanecem e li\u00e7\u00f5es por consolidar. <a href=\"https:\/\/tek.sapo.pt\/noticias\/negocios\/artigos\/ha-um-ano-ficamos-todos-as-escuras-as-licoes-do-apagao-e-as-fragilidades-que-permanecem\/\">Mais&#8230;<\/a><\/p>\n","protected":false},"excerpt":{"rendered":"<p>Um ano depois do apag\u00e3o, e \u00e0 medida que Portugal ainda enfrenta os efeitos do \u201ccomboio\u201d de tempestades que deixou um rasto de destrui\u00e7\u00e3o, h\u00e1 falhas que permanecem e li\u00e7\u00f5es por consolidar. Mais&#8230;<\/p>\n","protected":false},"author":1,"featured_media":0,"comment_status":"closed","ping_status":"closed","sticky":false,"template":"","format":"standard","meta":{"footnotes":""},"categories":[15],"tags":[4742],"class_list":["post-7280","post","type-post","status-publish","format-standard","hentry","category-tic-mais","tag-apagao"],"_links":{"self":[{"href":"https:\/\/www.ticmais.pt\/index.php?rest_route=\/wp\/v2\/posts\/7280","targetHints":{"allow":["GET"]}}],"collection":[{"href":"https:\/\/www.ticmais.pt\/index.php?rest_route=\/wp\/v2\/posts"}],"about":[{"href":"https:\/\/www.ticmais.pt\/index.php?rest_route=\/wp\/v2\/types\/post"}],"author":[{"embeddable":true,"href":"https:\/\/www.ticmais.pt\/index.php?rest_route=\/wp\/v2\/users\/1"}],"replies":[{"embeddable":true,"href":"https:\/\/www.ticmais.pt\/index.php?rest_route=%2Fwp%2Fv2%2Fcomments&post=7280"}],"version-history":[{"count":0,"href":"https:\/\/www.ticmais.pt\/index.php?rest_route=\/wp\/v2\/posts\/7280\/revisions"}],"wp:attachment":[{"href":"https:\/\/www.ticmais.pt\/index.php?rest_route=%2Fwp%2Fv2%2Fmedia&parent=7280"}],"wp:term":[{"taxonomy":"category","embeddable":true,"href":"https:\/\/www.ticmais.pt\/index.php?rest_route=%2Fwp%2Fv2%2Fcategories&post=7280"},{"taxonomy":"post_tag","embeddable":true,"href":"https:\/\/www.ticmais.pt\/index.php?rest_route=%2Fwp%2Fv2%2Ftags&post=7280"}],"curies":[{"name":"wp","href":"https:\/\/api.w.org\/{rel}","templated":true}]}}