{"id":736,"date":"2008-09-01T13:30:28","date_gmt":"2008-09-01T12:30:28","guid":{"rendered":"http:\/\/www.ticmais.pt\/index.php\/2008\/09\/01\/deco-suspeita-de-concertacao-de-precos-na-banda-larga-movel\/"},"modified":"2008-09-01T13:30:28","modified_gmt":"2008-09-01T12:30:28","slug":"deco-suspeita-de-concertacao-de-precos-na-banda-larga-movel","status":"publish","type":"post","link":"https:\/\/www.ticmais.pt\/?p=736","title":{"rendered":"DECO suspeita de concerta\u00e7\u00e3o de pre\u00e7os na Banda Larga M\u00f3vel"},"content":{"rendered":"<table border=\"0\" cellspacing=\"5\" cellpadding=\"5\" width=\"100%\">\n<tbody>\n<tr>\n<td width=\"160\" valign=\"top\">\n<p align=\"justify\"><img decoding=\"async\" src=\"\/\/www.ticmais.pt\/ticmais\/imagens\/optimus-acompanha-vodafone-e-tmn-em-oferta-de-internet-movel-pre-paga.jpg\" border=\"0\" alt=\"\" \/><\/p>\n<\/td>\n<td valign=\"top\">\n<p align=\"justify\">Segundo not\u00edcia da Agencia Financeira, &#8220;Servi\u00e7o pr\u00e9-pago tem pre\u00e7os, prazos e modos de comercializa\u00e7\u00e3o iguais.<br \/>\nA Associa\u00e7\u00e3o de Defesa do Consumidor (DECO) considera \u00abestranho\u00bb que as tr\u00eas operadoras de telem\u00f3veis tenham os mesmos pre\u00e7os para a Banda Larga M\u00f3vel Pr\u00e9-Paga, um servi\u00e7o lan\u00e7ado pelas tr\u00eas com apenas algumas horas de diferen\u00e7a. E questiona onde est\u00e1 a concorr\u00eancia. (<a href=\"http:\/\/www.agenciafinanceira.iol.pt\/noticia.php?id=986616&amp;div_id=1728\" target=\"_blank\">Mais&#8230;)<\/a>&#8220;<\/p>\n<\/td>\n<\/tr>\n<\/tbody>\n<\/table>\n<p><br class=\"spacer_\" \/><\/p>\n","protected":false},"excerpt":{"rendered":"<p>Segundo not\u00edcia da Agencia Financeira, &#8220;Servi\u00e7o pr\u00e9-pago tem pre\u00e7os, prazos e modos de comercializa\u00e7\u00e3o iguais. A Associa\u00e7\u00e3o de Defesa do Consumidor (DECO) considera \u00abestranho\u00bb que as tr\u00eas operadoras de telem\u00f3veis tenham os mesmos pre\u00e7os para a Banda Larga M\u00f3vel Pr\u00e9-Paga, um servi\u00e7o lan\u00e7ado pelas tr\u00eas com apenas algumas horas de diferen\u00e7a. E questiona onde est\u00e1 [&hellip;]<\/p>\n","protected":false},"author":1,"featured_media":0,"comment_status":"open","ping_status":"open","sticky":false,"template":"","format":"standard","meta":{"footnotes":""},"categories":[15],"tags":[34,85,35],"class_list":["post-736","post","type-post","status-publish","format-standard","hentry","category-tic-mais","tag-internet","tag-sociedade","tag-telecomunicacoes"],"_links":{"self":[{"href":"https:\/\/www.ticmais.pt\/index.php?rest_route=\/wp\/v2\/posts\/736","targetHints":{"allow":["GET"]}}],"collection":[{"href":"https:\/\/www.ticmais.pt\/index.php?rest_route=\/wp\/v2\/posts"}],"about":[{"href":"https:\/\/www.ticmais.pt\/index.php?rest_route=\/wp\/v2\/types\/post"}],"author":[{"embeddable":true,"href":"https:\/\/www.ticmais.pt\/index.php?rest_route=\/wp\/v2\/users\/1"}],"replies":[{"embeddable":true,"href":"https:\/\/www.ticmais.pt\/index.php?rest_route=%2Fwp%2Fv2%2Fcomments&post=736"}],"version-history":[{"count":0,"href":"https:\/\/www.ticmais.pt\/index.php?rest_route=\/wp\/v2\/posts\/736\/revisions"}],"wp:attachment":[{"href":"https:\/\/www.ticmais.pt\/index.php?rest_route=%2Fwp%2Fv2%2Fmedia&parent=736"}],"wp:term":[{"taxonomy":"category","embeddable":true,"href":"https:\/\/www.ticmais.pt\/index.php?rest_route=%2Fwp%2Fv2%2Fcategories&post=736"},{"taxonomy":"post_tag","embeddable":true,"href":"https:\/\/www.ticmais.pt\/index.php?rest_route=%2Fwp%2Fv2%2Ftags&post=736"}],"curies":[{"name":"wp","href":"https:\/\/api.w.org\/{rel}","templated":true}]}}