{"id":742,"date":"2008-09-18T01:22:59","date_gmt":"2008-09-18T00:22:59","guid":{"rendered":"http:\/\/www.ticmais.pt\/index.php\/2008\/09\/18\/parlamento-europeu-com-canal-de-televisao-online\/"},"modified":"2008-09-18T01:22:59","modified_gmt":"2008-09-18T00:22:59","slug":"parlamento-europeu-com-canal-de-televisao-online","status":"publish","type":"post","link":"https:\/\/www.ticmais.pt\/?p=742","title":{"rendered":"Parlamento Europeu com canal de televis\u00e3o online"},"content":{"rendered":"<table border=\"0\" cellspacing=\"5\" cellpadding=\"5\" width=\"100%\">\n<tbody>\n<tr>\n<td width=\"160\" valign=\"top\">\n<p align=\"justify\"><img decoding=\"async\" src=\"\/\/www.ticmais.pt\/ticmais\/imagens\/parlamento-europeu-com-canal-de-televisao-online.jpg\" border=\"0\" alt=\"\" \/><\/p>\n<\/td>\n<td valign=\"top\">\n<p align=\"justify\">J\u00e1 estreou o servi\u00e7o de televis\u00e3o\u00a0online\u00a0 do <a href=\"http:\/\/www.europarl.europa.eu\/news\/public\/default_pt.htm\" target=\"_blank\">Parlamento Europeu<\/a> que pretende facilitar a comunica\u00e7\u00e3o entre a institui\u00e7\u00e3o europeia e os seus cidad\u00e3os, bem como para combater o n\u00edvel de desinforma\u00e7\u00e3o dos europeus relativamente \u00e0s institui\u00e7\u00f5es, em 23 das 24 l\u00ednguas oficiais da regi\u00e3o.<\/p>\n<\/td>\n<\/tr>\n<\/tbody>\n<\/table>\n<p><!--more--><\/p>\n<table border=\"0\" cellspacing=\"5\" cellpadding=\"5\" width=\"100%\" align=\"justify\">\n<tbody>\n<tr>\n<td valign=\"top\">\n<p align=\"justify\">O &#8220;<a href=\"http:\/\/www.europarltv.europa.eu\/\" target=\"_blank\">Europarl TV<\/a>&#8221; ter\u00e1 um or\u00e7amento de nove milh\u00f5es de euros e uma previs\u00e3o de 300 horas de produ\u00e7\u00e3o pr\u00f3pria anual, a que se juntar\u00e3o retransmiss\u00f5es de conte\u00fados para completar a grelha, o canal de TV vai acumular v\u00e1rios tipos de conte\u00fados, desde entrevistas, debates, reportagens sobre membros do Parlamento. Os cidad\u00e3os poder\u00e3o interagir com os parlamentares, num f\u00f3rum que ter\u00e1 um canal direccionado a adultos e um canal dirigido aos mais jovens.<\/p>\n<p align=\"justify\">O <a href=\"http:\/\/www.europarl.europa.eu\/\" target=\"_blank\">site do Parlamento Europeu<\/a>, recebe cerca de 60 mil visitas di\u00e1rias, quase quatro vezes mais do que antes do lan\u00e7amento de uma nova vers\u00e3o em 2005. Com o lan\u00e7amento do canal de televis\u00e3o online a institui\u00e7\u00e3o espera incrementar este n\u00famero.<\/p>\n<p><strong>Nota:<\/strong> O acesso ao EuroparlTV\u00a0 e ao Canal Parlamento poder\u00e1 ser feito atrav\u00e9s dos Links\u00a0na barra lateral do nosso Site<\/p>\n<\/td>\n<\/tr>\n<\/tbody>\n<\/table>\n","protected":false},"excerpt":{"rendered":"<p>J\u00e1 estreou o servi\u00e7o de televis\u00e3o\u00a0online\u00a0 do Parlamento Europeu que pretende facilitar a comunica\u00e7\u00e3o entre a institui\u00e7\u00e3o europeia e os seus cidad\u00e3os, bem como para combater o n\u00edvel de desinforma\u00e7\u00e3o dos europeus relativamente \u00e0s institui\u00e7\u00f5es, em 23 das 24 l\u00ednguas oficiais da regi\u00e3o.<\/p>\n","protected":false},"author":1,"featured_media":0,"comment_status":"open","ping_status":"open","sticky":false,"template":"","format":"standard","meta":{"footnotes":""},"categories":[15],"tags":[5,98,99],"class_list":["post-742","post","type-post","status-publish","format-standard","hentry","category-tic-mais","tag-cidadania","tag-europaltv","tag-uniao-europeia"],"_links":{"self":[{"href":"https:\/\/www.ticmais.pt\/index.php?rest_route=\/wp\/v2\/posts\/742","targetHints":{"allow":["GET"]}}],"collection":[{"href":"https:\/\/www.ticmais.pt\/index.php?rest_route=\/wp\/v2\/posts"}],"about":[{"href":"https:\/\/www.ticmais.pt\/index.php?rest_route=\/wp\/v2\/types\/post"}],"author":[{"embeddable":true,"href":"https:\/\/www.ticmais.pt\/index.php?rest_route=\/wp\/v2\/users\/1"}],"replies":[{"embeddable":true,"href":"https:\/\/www.ticmais.pt\/index.php?rest_route=%2Fwp%2Fv2%2Fcomments&post=742"}],"version-history":[{"count":0,"href":"https:\/\/www.ticmais.pt\/index.php?rest_route=\/wp\/v2\/posts\/742\/revisions"}],"wp:attachment":[{"href":"https:\/\/www.ticmais.pt\/index.php?rest_route=%2Fwp%2Fv2%2Fmedia&parent=742"}],"wp:term":[{"taxonomy":"category","embeddable":true,"href":"https:\/\/www.ticmais.pt\/index.php?rest_route=%2Fwp%2Fv2%2Fcategories&post=742"},{"taxonomy":"post_tag","embeddable":true,"href":"https:\/\/www.ticmais.pt\/index.php?rest_route=%2Fwp%2Fv2%2Ftags&post=742"}],"curies":[{"name":"wp","href":"https:\/\/api.w.org\/{rel}","templated":true}]}}