{"id":752,"date":"2007-01-27T01:43:24","date_gmt":"2007-01-27T01:43:24","guid":{"rendered":"http:\/\/www.ticmais.pt\/index.php\/2007\/01\/27\/uma-chamada-de-atencao-a-c-m-de-coruche-para-as-energias-renovaveis-e-eficiencia-energetica\/"},"modified":"2020-02-24T02:23:13","modified_gmt":"2020-02-24T01:23:13","slug":"uma-chamada-de-atencao-a-c-m-de-coruche-para-as-energias-renovaveis-e-eficiencia-energetica","status":"publish","type":"post","link":"https:\/\/www.ticmais.pt\/?p=752","title":{"rendered":"Uma chamada de aten\u00e7\u00e3o \u00e0 C. M. de Coruche para as Energias Renov\u00e1veis e Efici\u00eancia Energ\u00e9tica"},"content":{"rendered":"<table style=\"width: 100%;\" border=\"0\" cellspacing=\"5\" cellpadding=\"5\">\n<tbody>\n<tr>\n<td valign=\"top\" width=\"160\"><img loading=\"lazy\" decoding=\"async\" src=\"\/\/www.ticmais.pt\/ticmais\/imagens\/uma-chamada-de-atencao-a-camara-para-as-energias-renovaveis-e-eficiencia-energetica.jpg\" alt=\"\" width=\"160\" height=\"110\" border=\"0\" \/><\/td>\n<td style=\"text-align: justify;\" valign=\"top\">O Munic\u00edpio de Coruche dever\u00e1 adoptar medidas de fomento e sensibiliza\u00e7\u00e3o nas \u00e1reas das Energias Renov\u00e1veis, dos combust\u00edveis alternativos, da Efici\u00eancia Energ\u00e9tica e T\u00e9rmica, atrav\u00e9s das suas pr\u00e1ticas quer junto dos seus mun\u00edcipes, designadamente:<\/td>\n<\/tr>\n<\/tbody>\n<\/table>\n<p><!--more--><\/p>\n<table style=\"width: 100%;\" border=\"0\" cellspacing=\"5\" cellpadding=\"5\">\n<tbody>\n<tr>\n<td valign=\"top\"><strong>.<\/strong><\/td>\n<td valign=\"top\">transformar todos os edif\u00edcios municipais\/Juntas de Freguesia\/Escolas Municipais em edif\u00edcios energeticamente mas eficientes;<\/td>\n<\/tr>\n<\/tbody>\n<\/table>\n<table style=\"width: 100%;\" border=\"0\" cellspacing=\"5\" cellpadding=\"5\">\n<tbody>\n<tr>\n<td valign=\"top\"><strong>.<\/strong><\/td>\n<td valign=\"top\">a nova regulamenta\u00e7\u00e3o e todas as novas edifica\u00e7\u00f5es\/requalifica\u00e7\u00f5es urban\u00edsticas dever\u00e3o ter como objectivo maximizar a efici\u00eancia energ\u00e9tica e fomentar as energias renov\u00e1veis apropriadas para edif\u00edcios;<\/td>\n<\/tr>\n<\/tbody>\n<\/table>\n<table style=\"width: 100%;\" border=\"0\" cellspacing=\"5\" cellpadding=\"5\">\n<tbody>\n<tr>\n<td valign=\"top\"><strong>.<\/strong><\/td>\n<td valign=\"top\">elevar a fasquia da separa\u00e7\u00e3o do lixo, da recolha de ol\u00e9os usados, de monos (monstros) e outros;<span style=\"color: #ffffff;\">&#8230;&#8230;&#8230;.<\/span><span style=\"color: #ffffff;\">&#8230;&#8230;&#8230;&#8230;<\/span><\/td>\n<\/tr>\n<\/tbody>\n<\/table>\n<table style=\"width: 100%;\" border=\"0\" cellspacing=\"5\" cellpadding=\"5\">\n<tbody>\n<tr>\n<td valign=\"top\"><strong>.<\/strong><\/td>\n<td valign=\"top\">as Energias Renov\u00e1veis, as vantagens e desvantagens de combust\u00edveis alternativos dever\u00e3o ser fomentadas e exploradas.<\/td>\n<\/tr>\n<tr>\n<td colspan=\"2\"><img decoding=\"async\" src=\"\/\/www.ticmais.pt\/ticmais\/imagens\/Coruche,Antonio Pinheiro da Costa,TicMAIS,Cantanhede,Cidadania, Movimento.png\" alt=\"\" \/><\/td>\n<\/tr>\n<tr>\n<td colspan=\"2\"><a href=\"https:\/\/www.ticmais.pt\/\"><span style=\"color: #800000;\"><img decoding=\"async\" src=\"\/\/www.ticmais.pt\/ticmais\/imagens\/Coruche, TicMAIS, Antonio Pinheiro da Costa, Movimento de Cidadania, Cantanhede.png\" alt=\"\" \/><\/span><\/a><\/td>\n<\/tr>\n<\/tbody>\n<\/table>\n","protected":false},"excerpt":{"rendered":"<p>O Munic\u00edpio de Coruche dever\u00e1 adoptar medidas de fomento e sensibiliza\u00e7\u00e3o nas \u00e1reas das Energias Renov\u00e1veis, dos combust\u00edveis alternativos, da Efici\u00eancia Energ\u00e9tica e T\u00e9rmica, atrav\u00e9s das suas pr\u00e1ticas quer junto dos seus mun\u00edcipes, designadamente:<\/p>\n","protected":false},"author":1,"featured_media":0,"comment_status":"open","ping_status":"open","sticky":false,"template":"","format":"standard","meta":{"footnotes":""},"categories":[15],"tags":[24,2,3,5,6,25,26,10,11,12,37,13,28,16],"class_list":["post-752","post","type-post","status-publish","format-standard","hentry","category-tic-mais","tag-ambiente","tag-antonio-pinheiro-da-costa","tag-camara-municipal-de-coruche","tag-cidadania","tag-coruche","tag-ecologia-e-desenvolvimento-sustentavel","tag-energias-renovaveis","tag-movimentos-civicos","tag-movimento-de-cidadania","tag-municipios","tag-novas-energias","tag-poder-local","tag-tecnologia","tag-ticmais"],"_links":{"self":[{"href":"https:\/\/www.ticmais.pt\/index.php?rest_route=\/wp\/v2\/posts\/752","targetHints":{"allow":["GET"]}}],"collection":[{"href":"https:\/\/www.ticmais.pt\/index.php?rest_route=\/wp\/v2\/posts"}],"about":[{"href":"https:\/\/www.ticmais.pt\/index.php?rest_route=\/wp\/v2\/types\/post"}],"author":[{"embeddable":true,"href":"https:\/\/www.ticmais.pt\/index.php?rest_route=\/wp\/v2\/users\/1"}],"replies":[{"embeddable":true,"href":"https:\/\/www.ticmais.pt\/index.php?rest_route=%2Fwp%2Fv2%2Fcomments&post=752"}],"version-history":[{"count":0,"href":"https:\/\/www.ticmais.pt\/index.php?rest_route=\/wp\/v2\/posts\/752\/revisions"}],"wp:attachment":[{"href":"https:\/\/www.ticmais.pt\/index.php?rest_route=%2Fwp%2Fv2%2Fmedia&parent=752"}],"wp:term":[{"taxonomy":"category","embeddable":true,"href":"https:\/\/www.ticmais.pt\/index.php?rest_route=%2Fwp%2Fv2%2Fcategories&post=752"},{"taxonomy":"post_tag","embeddable":true,"href":"https:\/\/www.ticmais.pt\/index.php?rest_route=%2Fwp%2Fv2%2Ftags&post=752"}],"curies":[{"name":"wp","href":"https:\/\/api.w.org\/{rel}","templated":true}]}}