{"id":790,"date":"2008-10-01T23:29:09","date_gmt":"2008-10-01T22:29:09","guid":{"rendered":"http:\/\/www.ticmais.pt\/index.php\/2008\/10\/01\/vodafone-inicia-producao-propria-de-energia-electrica\/"},"modified":"2008-10-01T23:29:09","modified_gmt":"2008-10-01T22:29:09","slug":"vodafone-inicia-producao-propria-de-energia-electrica","status":"publish","type":"post","link":"https:\/\/www.ticmais.pt\/?p=790","title":{"rendered":"Vodafone inicia produ\u00e7\u00e3o pr\u00f3pria de energia el\u00e9ctrica"},"content":{"rendered":"<table border=\"0\" cellspacing=\"5\" cellpadding=\"5\" width=\"100%\" align=\"justify\">\n<tbody>\n<tr>\n<td width=\"160\" valign=\"top\">\n<p align=\"justify\"><img decoding=\"async\" src=\"\/\/www.ticmais.pt\/ticmais\/imagens\/vodafone-inicia-producao-propria-de-energia-electrica.jpg\" alt=\"\" \/><\/p>\n<\/td>\n<td valign=\"top\">\n<p align=\"justify\">J\u00e1 se encontra em funcionamento na Serra do Socorro, um novo sistema de micro-produ\u00e7\u00e3o e\u00f3lica instalado pela Vodafone, que vai possibilitar \u00e0 operadora produzir electricidade para alimentar a sua rede de comunica\u00e7\u00f5es.<\/p>\n<\/td>\n<\/tr>\n<\/tbody>\n<\/table>\n<p><!--more--><\/p>\n<table border=\"0\" cellspacing=\"5\" cellpadding=\"5\" width=\"100%\" align=\"justify\">\n<tbody>\n<tr>\n<td valign=\"top\">\n<p align=\"justify\">Este projecto vem na sequ\u00eancia da pol\u00edtica de responsabilidade social da <a href=\"http:\/\/www.vodafone.pt\/main\/particulares\" target=\"_blank\">Vodafone<\/a>, que tem como objectivo reduzir a emiss\u00e3o de di\u00f3xido de carbono atrav\u00e9s do desenvolvimento de solu\u00e7\u00f5es e equipamentos t\u00e9cnicos.<\/p>\n<p align=\"justify\">Segundo informa\u00e7\u00e3o divulgada pela Vodafone este \u00e9 o programa mais recente de efici\u00eancia energ\u00e9tica que est\u00e1 a implementar, atrav\u00e9s dos quais pretende reduzir entre 15 a 20 por cento do consumo de energia das suas esta\u00e7\u00f5es base.<\/p>\n<p align=\"justify\">O novo sistema \u00e9 baseado num aerogerador de 3,5 KW instalado numa torre de telecomunica\u00e7\u00f5es que \u00e9 capaz, a partir da energia e\u00f3lica, produzir electricidade suficiente para o funcionamento dos equipamentos.<\/p>\n<p align=\"justify\">Fonte: <a href=\"http:\/\/sol.sapo.pt\/\" target=\"_blank\">Sol<\/a><\/p>\n<\/td>\n<\/tr>\n<\/tbody>\n<\/table>\n","protected":false},"excerpt":{"rendered":"<p>J\u00e1 se encontra em funcionamento na Serra do Socorro, um novo sistema de micro-produ\u00e7\u00e3o e\u00f3lica instalado pela Vodafone, que vai possibilitar \u00e0 operadora produzir electricidade para alimentar a sua rede de comunica\u00e7\u00f5es.<\/p>\n","protected":false},"author":1,"featured_media":0,"comment_status":"open","ping_status":"open","sticky":false,"template":"","format":"standard","meta":{"footnotes":""},"categories":[15],"tags":[35,88,112],"class_list":["post-790","post","type-post","status-publish","format-standard","hentry","category-tic-mais","tag-telecomunicacoes","tag-telemoveis","tag-vodafone"],"_links":{"self":[{"href":"https:\/\/www.ticmais.pt\/index.php?rest_route=\/wp\/v2\/posts\/790","targetHints":{"allow":["GET"]}}],"collection":[{"href":"https:\/\/www.ticmais.pt\/index.php?rest_route=\/wp\/v2\/posts"}],"about":[{"href":"https:\/\/www.ticmais.pt\/index.php?rest_route=\/wp\/v2\/types\/post"}],"author":[{"embeddable":true,"href":"https:\/\/www.ticmais.pt\/index.php?rest_route=\/wp\/v2\/users\/1"}],"replies":[{"embeddable":true,"href":"https:\/\/www.ticmais.pt\/index.php?rest_route=%2Fwp%2Fv2%2Fcomments&post=790"}],"version-history":[{"count":0,"href":"https:\/\/www.ticmais.pt\/index.php?rest_route=\/wp\/v2\/posts\/790\/revisions"}],"wp:attachment":[{"href":"https:\/\/www.ticmais.pt\/index.php?rest_route=%2Fwp%2Fv2%2Fmedia&parent=790"}],"wp:term":[{"taxonomy":"category","embeddable":true,"href":"https:\/\/www.ticmais.pt\/index.php?rest_route=%2Fwp%2Fv2%2Fcategories&post=790"},{"taxonomy":"post_tag","embeddable":true,"href":"https:\/\/www.ticmais.pt\/index.php?rest_route=%2Fwp%2Fv2%2Ftags&post=790"}],"curies":[{"name":"wp","href":"https:\/\/api.w.org\/{rel}","templated":true}]}}