{"id":802,"date":"2008-02-20T18:08:14","date_gmt":"2008-02-20T17:08:14","guid":{"rendered":"http:\/\/www.ticmais.pt\/index.php\/2008\/02\/20\/alentejo-maior-central-solar-do-mundo-operacional-em-marco\/"},"modified":"2008-02-20T18:08:14","modified_gmt":"2008-02-20T17:08:14","slug":"alentejo-maior-central-solar-do-mundo-operacional-em-marco","status":"publish","type":"post","link":"https:\/\/www.ticmais.pt\/?p=802","title":{"rendered":"Alentejo: Maior central solar do mundo operacional em Mar\u00e7o"},"content":{"rendered":"<table border=\"0\" cellspacing=\"5\" cellpadding=\"5\" width=\"100%\">\n<tbody>\n<tr>\n<td width=\"160\" valign=\"top\">\n<p align=\"justify\"><img decoding=\"async\" src=\"\/\/www.ticmais.pt\/ticmais\/imagens\/alentejo-maior-central-solar-do-mundo-operacional-em-marco.jpg\" border=\"0\" alt=\"\" \/><\/p>\n<\/td>\n<td valign=\"top\">\n<p align=\"justify\">Segundo o <a href=\"http:\/\/diariodigital.sapo.pt\/\" target=\"_blank\">Di\u00e1rio Digital<\/a>,\u00a0a maior central solar do mundo, em constru\u00e7\u00e3o no concelho de Moura, dever\u00e1 come\u00e7ar a funcionar em Mar\u00e7o, num investimento de 237,6 milh\u00f5es de euros para produzir energia \u00ablimpa\u00bb para a rede el\u00e9ctrica nacional durante 25 anos.<\/p>\n<\/td>\n<\/tr>\n<\/tbody>\n<\/table>\n<p><!--more--><\/p>\n<table border=\"0\" cellspacing=\"5\" cellpadding=\"5\" width=\"100%\" align=\"justify\">\n<tbody>\n<tr>\n<td valign=\"top\">A Central Solar Fotovoltaica de Amareleja, com uma capacidade instalada de 46,41 megawatts (MW) pico e 35 MW de pot\u00eancia de injec\u00e7\u00e3o na rede, est\u00e1 a ser constru\u00edda num terreno de 250 hectares, perto daquela vila do concelho de Moura (Beja) e considerada a \u00abterra mais quente de Portugal\u00bb, devido aos recordes de temperatura m\u00e1xima no Ver\u00e3o.<\/p>\n<p align=\"justify\">\u00abNuma primeira fase, a central dever\u00e1 come\u00e7ar a produzir e injectar energia na rede durante a primeira quinzena de Mar\u00e7o, quando estiverem instalados os primeiros 2,5 MW\u00bb, adiantou hoje \u00e0 ag\u00eancia Lusa Francisco Aleixo, director-geral da Amper Central Solar, empresa criada para construir e gerir a central e propriedade da Acciona, l\u00edder do mercado espanhol de energias renov\u00e1veis.<\/p>\n<p align=\"justify\">Segue-se a instala\u00e7\u00e3o dos restantes MW \u00abat\u00e9 ao final deste ano\u00bb, altura em que a central dever\u00e1 come\u00e7ar a funcionar em pleno, para produzir cerca de 93 mil MW de energia por ano, o suficiente para abastecer 30 mil habita\u00e7\u00f5es, acrescentou o respons\u00e1vel.<\/p>\n<p align=\"justify\">\u00a0<\/p>\n<div style=\"text-align: center\"><img decoding=\"async\" src=\"\/\/www.ticmais.pt\/ticmais\/imagens\/alentejo-maior-central-solar-do-mundo-operacional-em-marco%202.jpg\" border=\"0\" alt=\"\" \/><\/div>\n<p>Fonte: D<a href=\"http:\/\/diariodigital.sapo.pt\/\" target=\"_blank\">i\u00e1rio Digital<\/a><\/p>\n<\/td>\n<\/tr>\n<\/tbody>\n<\/table>\n","protected":false},"excerpt":{"rendered":"<p>Segundo o Di\u00e1rio Digital,\u00a0a maior central solar do mundo, em constru\u00e7\u00e3o no concelho de Moura, dever\u00e1 come\u00e7ar a funcionar em Mar\u00e7o, num investimento de 237,6 milh\u00f5es de euros para produzir energia \u00ablimpa\u00bb para a rede el\u00e9ctrica nacional durante 25 anos.<\/p>\n","protected":false},"author":1,"featured_media":0,"comment_status":"open","ping_status":"open","sticky":false,"template":"","format":"standard","meta":{"footnotes":""},"categories":[15],"tags":[24,25,38,26],"class_list":["post-802","post","type-post","status-publish","format-standard","hentry","category-tic-mais","tag-ambiente","tag-ecologia-e-desenvolvimento-sustentavel","tag-energia-solar","tag-energias-renovaveis"],"_links":{"self":[{"href":"https:\/\/www.ticmais.pt\/index.php?rest_route=\/wp\/v2\/posts\/802","targetHints":{"allow":["GET"]}}],"collection":[{"href":"https:\/\/www.ticmais.pt\/index.php?rest_route=\/wp\/v2\/posts"}],"about":[{"href":"https:\/\/www.ticmais.pt\/index.php?rest_route=\/wp\/v2\/types\/post"}],"author":[{"embeddable":true,"href":"https:\/\/www.ticmais.pt\/index.php?rest_route=\/wp\/v2\/users\/1"}],"replies":[{"embeddable":true,"href":"https:\/\/www.ticmais.pt\/index.php?rest_route=%2Fwp%2Fv2%2Fcomments&post=802"}],"version-history":[{"count":0,"href":"https:\/\/www.ticmais.pt\/index.php?rest_route=\/wp\/v2\/posts\/802\/revisions"}],"wp:attachment":[{"href":"https:\/\/www.ticmais.pt\/index.php?rest_route=%2Fwp%2Fv2%2Fmedia&parent=802"}],"wp:term":[{"taxonomy":"category","embeddable":true,"href":"https:\/\/www.ticmais.pt\/index.php?rest_route=%2Fwp%2Fv2%2Fcategories&post=802"},{"taxonomy":"post_tag","embeddable":true,"href":"https:\/\/www.ticmais.pt\/index.php?rest_route=%2Fwp%2Fv2%2Ftags&post=802"}],"curies":[{"name":"wp","href":"https:\/\/api.w.org\/{rel}","templated":true}]}}