{"id":803,"date":"2008-02-28T09:49:45","date_gmt":"2008-02-28T08:49:45","guid":{"rendered":"http:\/\/www.ticmais.pt\/index.php\/2008\/02\/28\/gigante-escoces-investe-800-milhoes-para-entrar-nas-eolicas-em-portugal\/"},"modified":"2008-02-28T09:49:45","modified_gmt":"2008-02-28T08:49:45","slug":"gigante-escoces-investe-800-milhoes-para-entrar-nas-eolicas-em-portugal","status":"publish","type":"post","link":"https:\/\/www.ticmais.pt\/?p=803","title":{"rendered":"Gigante escoc\u00eas investe 800 milh\u00f5es para entrar nas e\u00f3licas em Portugal"},"content":{"rendered":"<table border=\"0\" cellspacing=\"5\" cellpadding=\"5\" width=\"100%\">\n<tbody>\n<tr>\n<td width=\"160\" valign=\"top\">\n<p align=\"justify\"><img decoding=\"async\" src=\"\/\/www.ticmais.pt\/ticmais\/imagens\/gigante-escoces-investe-800-milhoes-para-entrar-nas-eolicas-em-portugal.jpg\" border=\"0\" alt=\"\" \/><\/p>\n<\/td>\n<td valign=\"top\">\n<p align=\"justify\">Segundo o <a href=\"http:\/\/www.jornaldenegocios.pt\/\" target=\"_blank\">Jornal de Neg\u00f3cios<\/a>, a el\u00e9ctrica escocesa SSE, atrav\u00e9s da rec\u00e9m-adquirida Airtricity, elegeu Portugal como um dos seis mercados na Europa onde quer crescer fora do Reino Unido, sobretudo, no neg\u00f3cio das e\u00f3licas. Para o mercado nacional, a empresa tem um projecto totalmente inovador, pretendendo abrir o caminho na produ\u00e7\u00e3o de energia e\u00f3lica em regime ordin\u00e1rio.<\/p>\n<\/td>\n<\/tr>\n<\/tbody>\n<\/table>\n<p><!--more--><\/p>\n<table border=\"0\" cellspacing=\"5\" cellpadding=\"5\" width=\"100%\" align=\"justify\">\n<tbody>\n<tr>\n<td valign=\"top\">\n<p align=\"justify\">A el\u00e9ctrica escocesa SSE, atrav\u00e9s da rec\u00e9m-adquirida Airtricity, elegeu Portugal como um dos seis mercados na Europa onde quer crescer fora do Reino Unido, sobretudo, no neg\u00f3cio das e\u00f3licas. Para o mercado nacional, a empresa tem um projecto totalmente inovador, pretendendo abrir o caminho na produ\u00e7\u00e3o de energia e\u00f3lica em regime ordin\u00e1rio.<\/p>\n<p align=\"justify\">Em Portugal, as renov\u00e1veis, incluindo as e\u00f3licas, funcionam ainda todas em regime especial, ou seja, as empresas t\u00eam assegurada uma tarifa subvencionada para gerar energia a partir do vento. Mas em Espanha, por exemplo, cerca de 98% dos produtores v\u00e3o j\u00e1 ao mercado, restando apenas na tarifa alguns parques experimentais, segundo dados da Asociaci\u00f3n Empresarial E\u00f3lica (AEE), representativa do sector.<\/p>\n<p align=\"justify\">Tamb\u00e9m na Irlanda este \u00e9 um esquema muito habitual. A Aircitrity \u00e9 disso prova, tendo todos os seus parques e\u00f3licos ali a funcionar em regime de mercado livre. &#8220;Temos muita experi\u00eancia neste neg\u00f3cio e, al\u00e9m disso, estamos conscientes de que de outra forma n\u00e3o ir\u00edamos conseguir entrar neste neg\u00f3cio em Portugal, uma vez que as licen\u00e7as de produ\u00e7\u00e3o e explora\u00e7\u00e3o de parques e\u00f3licos em regime especial est\u00e3o j\u00e1 todas atribu\u00eddas&#8221;, explica em entrevista ao Jornal de Neg\u00f3cios, o &#8220;country-manager&#8221; da Aircitricy, Lu\u00eds Lopo Antunes.<\/p>\n<p>Fonte: <a href=\"http:\/\/www.jornaldenegocios.pt\/\" target=\"_blank\">Jornal de Neg\u00f3cios<\/a><\/p>\n<\/td>\n<\/tr>\n<\/tbody>\n<\/table>\n","protected":false},"excerpt":{"rendered":"<p>Segundo o Jornal de Neg\u00f3cios, a el\u00e9ctrica escocesa SSE, atrav\u00e9s da rec\u00e9m-adquirida Airtricity, elegeu Portugal como um dos seis mercados na Europa onde quer crescer fora do Reino Unido, sobretudo, no neg\u00f3cio das e\u00f3licas. Para o mercado nacional, a empresa tem um projecto totalmente inovador, pretendendo abrir o caminho na produ\u00e7\u00e3o de energia e\u00f3lica em [&hellip;]<\/p>\n","protected":false},"author":1,"featured_media":0,"comment_status":"open","ping_status":"open","sticky":false,"template":"","format":"standard","meta":{"footnotes":""},"categories":[15],"tags":[24,25,55,26],"class_list":["post-803","post","type-post","status-publish","format-standard","hentry","category-tic-mais","tag-ambiente","tag-ecologia-e-desenvolvimento-sustentavel","tag-energia-eolica","tag-energias-renovaveis"],"_links":{"self":[{"href":"https:\/\/www.ticmais.pt\/index.php?rest_route=\/wp\/v2\/posts\/803","targetHints":{"allow":["GET"]}}],"collection":[{"href":"https:\/\/www.ticmais.pt\/index.php?rest_route=\/wp\/v2\/posts"}],"about":[{"href":"https:\/\/www.ticmais.pt\/index.php?rest_route=\/wp\/v2\/types\/post"}],"author":[{"embeddable":true,"href":"https:\/\/www.ticmais.pt\/index.php?rest_route=\/wp\/v2\/users\/1"}],"replies":[{"embeddable":true,"href":"https:\/\/www.ticmais.pt\/index.php?rest_route=%2Fwp%2Fv2%2Fcomments&post=803"}],"version-history":[{"count":0,"href":"https:\/\/www.ticmais.pt\/index.php?rest_route=\/wp\/v2\/posts\/803\/revisions"}],"wp:attachment":[{"href":"https:\/\/www.ticmais.pt\/index.php?rest_route=%2Fwp%2Fv2%2Fmedia&parent=803"}],"wp:term":[{"taxonomy":"category","embeddable":true,"href":"https:\/\/www.ticmais.pt\/index.php?rest_route=%2Fwp%2Fv2%2Fcategories&post=803"},{"taxonomy":"post_tag","embeddable":true,"href":"https:\/\/www.ticmais.pt\/index.php?rest_route=%2Fwp%2Fv2%2Ftags&post=803"}],"curies":[{"name":"wp","href":"https:\/\/api.w.org\/{rel}","templated":true}]}}