{"id":807,"date":"2008-03-21T10:52:08","date_gmt":"2008-03-21T09:52:08","guid":{"rendered":"http:\/\/www.ticmais.pt\/index.php\/2008\/03\/21\/peticao-quer-impedir-que-a-ren-passe-para-as-autarquia\/"},"modified":"2008-03-21T10:52:08","modified_gmt":"2008-03-21T09:52:08","slug":"peticao-quer-impedir-que-a-ren-passe-para-as-autarquia","status":"publish","type":"post","link":"https:\/\/www.ticmais.pt\/?p=807","title":{"rendered":"Peti\u00e7\u00e3o quer impedir que a REN passe para as autarquia"},"content":{"rendered":"<table border=\"0\" cellspacing=\"5\" cellpadding=\"5\" width=\"100%\">\n<tbody>\n<tr>\n<td width=\"160\" valign=\"top\">\n<p align=\"justify\"><img decoding=\"async\" src=\"\/\/www.ticmais.pt\/ticmais\/imagens\/peticao-quer-impedir-que-a-ren-passe-para-as-autarquia.jpg\" border=\"0\" alt=\"\" \/><\/p>\n<\/td>\n<td valign=\"top\">\n<p align=\"justify\">Segundo o <a href=\"http:\/\/www.publico.pt\/\" target=\"_blank\">P\u00fablico<\/a>,\u00a0a perspectiva de passagem para os munic\u00edpios das compet\u00eancias para a delimita\u00e7\u00e3o da Reserva Ecol\u00f3gica Nacional (REN), num diploma em prepara\u00e7\u00e3o pelo Governo, levou um conjunto de 24 personalidades ligadas \u00e0s quest\u00f5es do territ\u00f3rio a promover uma peti\u00e7\u00e3o ao Presidente da Rep\u00fablica para que seja rejeitada a municipaliza\u00e7\u00e3o destas \u00e1reas ecol\u00f3gicas.<\/p>\n<\/td>\n<\/tr>\n<\/tbody>\n<\/table>\n<p><!--more--><\/p>\n<table border=\"0\" cellspacing=\"5\" cellpadding=\"5\" width=\"100%\" align=\"justify\">\n<tbody>\n<tr>\n<td valign=\"top\">\n<p align=\"justify\">Entre os promotores est\u00e1 Gon\u00e7alo Ribeiro Teles, o arquitecto paisagista que concebeu a REN, um instrumento de ordenamento do territ\u00f3rio que regula o uso de \u00e1reas do solo de elevada sensibilidade ambiental e &#8220;fundamentais para o equil\u00edbrio do territ\u00f3rio e para a seguran\u00e7a de pessoas e bens&#8221;, segundo o texto da peti\u00e7\u00e3o. Os signat\u00e1rios consideram que a atribui\u00e7\u00e3o aos munic\u00edpios das compet\u00eancias de delimita\u00e7\u00e3o da REN, o que envolve tamb\u00e9m a capacidade para desanexa\u00e7\u00e3o de \u00e1reas da classifica\u00e7\u00e3o, proporciona uma incompatibilidade de interesses, &#8220;por ser conhecida a depend\u00eancia dos munic\u00edpios e dos or\u00e7amentos municipais da necessidade de aprovar novos empreendimentos de cariz edificado&#8221;.<\/p>\n<p align=\"justify\">Face a esta situa\u00e7\u00e3o, \u00e9 pedido ao Presidente da Rep\u00fablica, Cavaco Silva, que &#8220;qualquer revis\u00e3o do regime jur\u00eddico da REN seja feita com base num pr\u00e9vio e amplo debate p\u00fablico, incompat\u00edvel com o projecto de decreto-lei que aguarda aprova\u00e7\u00e3o pelo Governo&#8221;. Este projecto est\u00e1 em fase de finaliza\u00e7\u00e3o no Minist\u00e9rio do Ambiente. No entanto, numa confer\u00eancia de imprensa ap\u00f3s um Conselho de Ministros, Pedro Silva Pereira, ministro da Presid\u00eancia, disse que o Governo era contra a municipaliza\u00e7\u00e3o da REN.<\/p>\n<p align=\"justify\">O actual regime jur\u00eddico da REN &#8220;procura contribuir de forma decisiva para a salvaguarda da paisagem natural do pa\u00eds e para a limita\u00e7\u00e3o da constru\u00e7\u00e3o em \u00e1reas do territ\u00f3rio de grande relev\u00e2ncia ecol\u00f3gica, protegendo zonas envolventes das linhas de \u00e1gua, orlas costeiras, estu\u00e1rios e zonas h\u00famidas, \u00e1reas de recarga de aqu\u00edferos e de preven\u00e7\u00e3o de riscos naturais&#8221;, diz-se na peti\u00e7\u00e3o.<\/p>\n<p align=\"justify\">Receitas municipais<\/p>\n<p align=\"justify\">O presidente do Grupo de Estudos de Ordenamento do Territ\u00f3rio e Ambiente (GEOTA), Carlos Costa, tamb\u00e9m promotor da peti\u00e7\u00e3o, disse ao P\u00daBLICO que a incompatibilidade entre o interesse de preserva\u00e7\u00e3o da REN e o interesse dos munic\u00edpios em arrecadar receita \u00e9 a quest\u00e3o pol\u00edtica que fragiliza o projecto. Os munic\u00edpios &#8220;s\u00e3o a entidade que mais tem a ganhar, de maneira perversa, e ficam com a compet\u00eancia para promover a passagem de uso do solo de rural a urbano&#8221;, por parte substancial das suas receitas depender da urbaniza\u00e7\u00e3o.<\/p>\n<p align=\"justify\">A peti\u00e7\u00e3o vai ser apresentada na pr\u00f3xima ter\u00e7a-feira, em Lisboa, no cinema S\u00e3o Jorge. Entre os promotores est\u00e3o tamb\u00e9m Helena Roseta, ex-presidente da Ordem dos Arquitectos e vereadora na C\u00e2mara de Lisboa, e Cl\u00e1udio Torres, do Campo Arqueol\u00f3gico de M\u00e9rtola. Carlos Costa fala tamb\u00e9m de uma quest\u00e3o t\u00e9cnica relativa \u00e0 passagem da delimita\u00e7\u00e3o da REN: &#8220;Quem conhece as c\u00e2maras municipais sabe que n\u00e3o t\u00eam condi\u00e7\u00f5es para fazer competentemente a delimita\u00e7\u00e3o da REN.&#8221; Real\u00e7ando que esta \u00e9 uma figura nacional, Carlos Costa diz que neste contexto o pr\u00f3prio conceito de REN deixaria de fazer sentido. &#8220;Eventualmente passar\u00edamos a ter uma reserva municipal&#8221;, disse.<\/p>\n<p>Fonte: Paulo Madeira (<a href=\"http:\/\/www.publico.pt\/\" target=\"_blank\">P\u00fablico<\/a>)<\/p>\n<\/td>\n<\/tr>\n<\/tbody>\n<\/table>\n","protected":false},"excerpt":{"rendered":"<p>Segundo o P\u00fablico,\u00a0a perspectiva de passagem para os munic\u00edpios das compet\u00eancias para a delimita\u00e7\u00e3o da Reserva Ecol\u00f3gica Nacional (REN), num diploma em prepara\u00e7\u00e3o pelo Governo, levou um conjunto de 24 personalidades ligadas \u00e0s quest\u00f5es do territ\u00f3rio a promover uma peti\u00e7\u00e3o ao Presidente da Rep\u00fablica para que seja rejeitada a municipaliza\u00e7\u00e3o destas \u00e1reas ecol\u00f3gicas.<\/p>\n","protected":false},"author":1,"featured_media":0,"comment_status":"open","ping_status":"open","sticky":false,"template":"","format":"standard","meta":{"footnotes":""},"categories":[15],"tags":[24,56,57,25],"class_list":["post-807","post","type-post","status-publish","format-standard","hentry","category-tic-mais","tag-ambiente","tag-biodiversidade","tag-conservacao-da-natureza","tag-ecologia-e-desenvolvimento-sustentavel"],"_links":{"self":[{"href":"https:\/\/www.ticmais.pt\/index.php?rest_route=\/wp\/v2\/posts\/807","targetHints":{"allow":["GET"]}}],"collection":[{"href":"https:\/\/www.ticmais.pt\/index.php?rest_route=\/wp\/v2\/posts"}],"about":[{"href":"https:\/\/www.ticmais.pt\/index.php?rest_route=\/wp\/v2\/types\/post"}],"author":[{"embeddable":true,"href":"https:\/\/www.ticmais.pt\/index.php?rest_route=\/wp\/v2\/users\/1"}],"replies":[{"embeddable":true,"href":"https:\/\/www.ticmais.pt\/index.php?rest_route=%2Fwp%2Fv2%2Fcomments&post=807"}],"version-history":[{"count":0,"href":"https:\/\/www.ticmais.pt\/index.php?rest_route=\/wp\/v2\/posts\/807\/revisions"}],"wp:attachment":[{"href":"https:\/\/www.ticmais.pt\/index.php?rest_route=%2Fwp%2Fv2%2Fmedia&parent=807"}],"wp:term":[{"taxonomy":"category","embeddable":true,"href":"https:\/\/www.ticmais.pt\/index.php?rest_route=%2Fwp%2Fv2%2Fcategories&post=807"},{"taxonomy":"post_tag","embeddable":true,"href":"https:\/\/www.ticmais.pt\/index.php?rest_route=%2Fwp%2Fv2%2Ftags&post=807"}],"curies":[{"name":"wp","href":"https:\/\/api.w.org\/{rel}","templated":true}]}}