{"id":808,"date":"2008-03-21T11:17:57","date_gmt":"2008-03-21T10:17:57","guid":{"rendered":"http:\/\/www.ticmais.pt\/index.php\/2008\/03\/21\/rolhas-de-cortica-vao-passar-a-ser-recicladas\/"},"modified":"2008-03-21T11:17:57","modified_gmt":"2008-03-21T10:17:57","slug":"rolhas-de-cortica-vao-passar-a-ser-recicladas","status":"publish","type":"post","link":"https:\/\/www.ticmais.pt\/?p=808","title":{"rendered":"Rolhas de corti\u00e7a v\u00e3o passar a ser recicladas"},"content":{"rendered":"<table border=\"0\" cellspacing=\"5\" cellpadding=\"5\" width=\"100%\">\n<tbody>\n<tr>\n<td width=\"160\" valign=\"top\">\n<p align=\"justify\"><img decoding=\"async\" src=\"\/\/www.ticmais.pt\/ticmais\/imagens\/rolhas-de-cortica-vao-passar-a-ser-recicladas%20.jpg\" border=\"0\" alt=\"\" \/><\/p>\n<\/td>\n<td valign=\"top\">\n<p align=\"justify\">Segundo o <a href=\"http:\/\/www.publico.pt\/\" target=\"_blank\">P\u00fablico<\/a>, um novo produto descart\u00e1vel vai entrar para a lista de materiais a separar em casa para reciclagem: as rolhas. At\u00e9 agora, o seu destino era o caixote do lixo. Mas a partir de amanh\u00e3, come\u00e7ar\u00e3o a ser recolhidas e recicladas, segundo um projecto desenvolvido pela associa\u00e7\u00e3o ambientalista Quercus, juntamente com tr\u00eas parceiros privados.<\/p>\n<\/td>\n<\/tr>\n<\/tbody>\n<\/table>\n<p><!--more--><\/p>\n<table border=\"0\" cellspacing=\"5\" cellpadding=\"5\" width=\"100%\" align=\"justify\">\n<tbody>\n<tr>\n<td valign=\"top\">\n<p align=\"justify\">Os primeiros pontos de colecta ser\u00e3o 9.800 resutarantes e caf\u00e9s, de onde j\u00e1 s\u00e3o hoje recolhidos \u00f3leos alimentares usados, num circuito garantido pela empresa Biological.<\/p>\n<p align=\"justify\">Em Maio, entram em cena contentores para rolhas instalados em 33 hipermercados da rede Continente. Para Setembro est\u00e1 previsto o alargamento da campanha para as escolas.<\/p>\n<p align=\"justify\">As rolhas recolhidas ser\u00e3o depois vendidas \u00e0 Corticeira Amorim, que as reutilizar\u00e1 para a fabrica\u00e7\u00e3o de outros produtos, como pavimentos, materiais de constru\u00e7\u00e3o ou pe\u00e7as para a ind\u00fastria autom\u00f3vel.<\/p>\n<p align=\"justify\">Na pr\u00e1tica, as rolhas usadas ser\u00e3o trituradas e entrar\u00e3o como mat\u00e9ria-prima no processo industrial, sem grandes complica\u00e7\u00f5es. \u201cA dificuldade est\u00e1 na recolha\u201d, afirma Ant\u00f3nio Amorim, presidente da corticeira.<\/p>\n<p align=\"justify\">S\u00f3 o grupo Amorim coloca no mercado nacional cerca 400 milh\u00f5es de rolhas por ano. O objectivo da Quercus \u00e9, dentro de um ano, estar a recolher dez por cento daquele total e chegar aos 30 por cento em quatro anos.<\/p>\n<p align=\"justify\">O dinheiro recebido pelas rolhas usadas ser\u00e1 aplicado pela Quercus na planta\u00e7\u00e3o de novas \u00e1rvores, de esp\u00e9cies pr\u00f3prias do pa\u00eds \u2013 como sobreiros, azinheiras e carvalhos.<\/p>\n<p>Fonte: de Ricardo Garcia (<a href=\"http:\/\/www.publico.pt\/\" target=\"_blank\"><span style=\"text-decoration: underline;\"><span style=\"color: #0000ff;\">P\u00fablico<\/span><\/span><\/a>)<\/p>\n<\/td>\n<\/tr>\n<\/tbody>\n<\/table>\n","protected":false},"excerpt":{"rendered":"<p>Segundo o P\u00fablico, um novo produto descart\u00e1vel vai entrar para a lista de materiais a separar em casa para reciclagem: as rolhas. At\u00e9 agora, o seu destino era o caixote do lixo. Mas a partir de amanh\u00e3, come\u00e7ar\u00e3o a ser recolhidas e recicladas, segundo um projecto desenvolvido pela associa\u00e7\u00e3o ambientalista Quercus, juntamente com tr\u00eas parceiros [&hellip;]<\/p>\n","protected":false},"author":1,"featured_media":0,"comment_status":"open","ping_status":"open","sticky":false,"template":"","format":"standard","meta":{"footnotes":""},"categories":[15],"tags":[24,25,54],"class_list":["post-808","post","type-post","status-publish","format-standard","hentry","category-tic-mais","tag-ambiente","tag-ecologia-e-desenvolvimento-sustentavel","tag-reciclagem"],"_links":{"self":[{"href":"https:\/\/www.ticmais.pt\/index.php?rest_route=\/wp\/v2\/posts\/808","targetHints":{"allow":["GET"]}}],"collection":[{"href":"https:\/\/www.ticmais.pt\/index.php?rest_route=\/wp\/v2\/posts"}],"about":[{"href":"https:\/\/www.ticmais.pt\/index.php?rest_route=\/wp\/v2\/types\/post"}],"author":[{"embeddable":true,"href":"https:\/\/www.ticmais.pt\/index.php?rest_route=\/wp\/v2\/users\/1"}],"replies":[{"embeddable":true,"href":"https:\/\/www.ticmais.pt\/index.php?rest_route=%2Fwp%2Fv2%2Fcomments&post=808"}],"version-history":[{"count":0,"href":"https:\/\/www.ticmais.pt\/index.php?rest_route=\/wp\/v2\/posts\/808\/revisions"}],"wp:attachment":[{"href":"https:\/\/www.ticmais.pt\/index.php?rest_route=%2Fwp%2Fv2%2Fmedia&parent=808"}],"wp:term":[{"taxonomy":"category","embeddable":true,"href":"https:\/\/www.ticmais.pt\/index.php?rest_route=%2Fwp%2Fv2%2Fcategories&post=808"},{"taxonomy":"post_tag","embeddable":true,"href":"https:\/\/www.ticmais.pt\/index.php?rest_route=%2Fwp%2Fv2%2Ftags&post=808"}],"curies":[{"name":"wp","href":"https:\/\/api.w.org\/{rel}","templated":true}]}}