{"id":811,"date":"2008-04-14T20:52:39","date_gmt":"2008-04-14T19:52:39","guid":{"rendered":"http:\/\/www.ticmais.pt\/index.php\/2008\/04\/14\/camara-de-almeirim-inventa-modelo-de-recipientes-para-recolha-de-oleo\/"},"modified":"2008-04-14T20:52:39","modified_gmt":"2008-04-14T19:52:39","slug":"camara-de-almeirim-inventa-modelo-de-recipientes-para-recolha-de-oleo","status":"publish","type":"post","link":"https:\/\/www.ticmais.pt\/?p=811","title":{"rendered":"C\u00e2mara de Almeirim inventa modelo de recipientes para recolha de \u00f3leo"},"content":{"rendered":"<table border=\"0\" cellspacing=\"5\" cellpadding=\"5\" width=\"100%\">\n<tbody>\n<tr>\n<td width=\"160\" valign=\"top\">\n<p align=\"justify\"><img decoding=\"async\" src=\"\/\/www.ticmais.pt\/ticmais\/imagens\/camara-de-almeirim-inventa-modelo-de-recipientes-para-recolha-de-oleo%20[].jpg\" border=\"0\" alt=\"\" \/><\/p>\n<\/td>\n<td valign=\"top\">\n<p align=\"justify\">Segundo <a href=\"http:\/\/www.omirante.pt\/\" target=\"_blank\">O Mirante<\/a>,\u00a0a C\u00e2mara de Almeirim vai come\u00e7ar a distribuir pelo concelho em Maio contentores para recolha de \u00f3leos usados idealizados pelos servi\u00e7os municipais. O modelo permite a coloca\u00e7\u00e3o de um contentor de lixo dom\u00e9stico dentro do ole\u00e3o, o que evita derrames e facilita a sua recolha.<\/p>\n<\/td>\n<\/tr>\n<\/tbody>\n<\/table>\n<p><!--more--><\/p>\n<table border=\"0\" cellspacing=\"5\" cellpadding=\"5\" width=\"100%\" align=\"justify\">\n<tbody>\n<tr>\n<td valign=\"top\">\n<p align=\"justify\">O projecto da autarquia foi constru\u00eddo por uma empresa portuguesa de Castelo Branco. A autarquia j\u00e1 tinha feito uma pesquisa no mercado e tinha encontrado recipientes do mesmo g\u00e9nero, mas que custavam cerca de cinco mil euros. O modelo concebido pela C\u00e2mara de Almeirim custa 800 euros.<\/p>\n<p><a href=\"http:\/\/www.omirante.pt\/omirantetv\/noticia.asp?idgrupo=2&amp;IdEdicao=51&amp;idSeccao=514&amp;id=21383&amp;Action=noticia\" target=\"_blank\"><span style=\"text-decoration: underline;\"><span style=\"color: #0066cc;\">Ver aqui v\u00eddeo<\/span><\/span><\/a><\/p>\n<p>Fonte: <a href=\"http:\/\/www.omirante.pt\/\" target=\"_blank\">O Mirante<\/a><\/p>\n<\/td>\n<\/tr>\n<\/tbody>\n<\/table>\n","protected":false},"excerpt":{"rendered":"<p>Segundo O Mirante,\u00a0a C\u00e2mara de Almeirim vai come\u00e7ar a distribuir pelo concelho em Maio contentores para recolha de \u00f3leos usados idealizados pelos servi\u00e7os municipais. O modelo permite a coloca\u00e7\u00e3o de um contentor de lixo dom\u00e9stico dentro do ole\u00e3o, o que evita derrames e facilita a sua recolha.<\/p>\n","protected":false},"author":1,"featured_media":0,"comment_status":"open","ping_status":"open","sticky":false,"template":"","format":"standard","meta":{"footnotes":""},"categories":[15],"tags":[24,58,25,54],"class_list":["post-811","post","type-post","status-publish","format-standard","hentry","category-tic-mais","tag-ambiente","tag-biocombustiveis","tag-ecologia-e-desenvolvimento-sustentavel","tag-reciclagem"],"_links":{"self":[{"href":"https:\/\/www.ticmais.pt\/index.php?rest_route=\/wp\/v2\/posts\/811","targetHints":{"allow":["GET"]}}],"collection":[{"href":"https:\/\/www.ticmais.pt\/index.php?rest_route=\/wp\/v2\/posts"}],"about":[{"href":"https:\/\/www.ticmais.pt\/index.php?rest_route=\/wp\/v2\/types\/post"}],"author":[{"embeddable":true,"href":"https:\/\/www.ticmais.pt\/index.php?rest_route=\/wp\/v2\/users\/1"}],"replies":[{"embeddable":true,"href":"https:\/\/www.ticmais.pt\/index.php?rest_route=%2Fwp%2Fv2%2Fcomments&post=811"}],"version-history":[{"count":0,"href":"https:\/\/www.ticmais.pt\/index.php?rest_route=\/wp\/v2\/posts\/811\/revisions"}],"wp:attachment":[{"href":"https:\/\/www.ticmais.pt\/index.php?rest_route=%2Fwp%2Fv2%2Fmedia&parent=811"}],"wp:term":[{"taxonomy":"category","embeddable":true,"href":"https:\/\/www.ticmais.pt\/index.php?rest_route=%2Fwp%2Fv2%2Fcategories&post=811"},{"taxonomy":"post_tag","embeddable":true,"href":"https:\/\/www.ticmais.pt\/index.php?rest_route=%2Fwp%2Fv2%2Ftags&post=811"}],"curies":[{"name":"wp","href":"https:\/\/api.w.org\/{rel}","templated":true}]}}