{"id":816,"date":"2008-05-29T01:33:19","date_gmt":"2008-05-29T00:33:19","guid":{"rendered":"http:\/\/www.ticmais.pt\/index.php\/2008\/05\/29\/conferencia-de-bona-quer-tornar-biodiversidade-tao-famosa-como-as-alteracoes-climaticas\/"},"modified":"2008-05-29T01:33:19","modified_gmt":"2008-05-29T00:33:19","slug":"conferencia-de-bona-quer-tornar-biodiversidade-tao-famosa-como-as-alteracoes-climaticas","status":"publish","type":"post","link":"https:\/\/www.ticmais.pt\/?p=816","title":{"rendered":"Confer\u00eancia de Bona quer tornar biodiversidade t\u00e3o famosa como as altera\u00e7\u00f5es clim\u00e1ticas"},"content":{"rendered":"<table border=\"0\" cellspacing=\"5\" cellpadding=\"5\" width=\"100%\">\n<tbody>\n<tr>\n<td width=\"160\" valign=\"top\">\n<p align=\"justify\"><img decoding=\"async\" src=\"\/\/www.ticmais.pt\/ticmais\/imagens\/conferencia-de-bona-quer-tornar-biodiversidade-tao-famosa-como-as-alteracoes-climaticas.jpg\" border=\"0\" alt=\"\" \/><\/p>\n<\/td>\n<td valign=\"top\">\n<p align=\"justify\">Segundo o <a href=\"http:\/\/ecosfera.publico.clix.pt\/\" target=\"_blank\">P\u00fablico<\/a>, delegados de 191 pa\u00edses est\u00e3o em Bona numa corrida contra o tempo para decidir como vai o mundo travar a perda da biodiversidade at\u00e9 2010. Um problema que merece ser t\u00e3o famoso quanto as altera\u00e7\u00f5es clim\u00e1ticas mas que ainda tem mais por fazer, como o provam os pol\u00e9micos dossiers dos biocombust\u00edveis e partilha dos benef\u00edcios dos recursos naturais.<\/p>\n<\/td>\n<\/tr>\n<\/tbody>\n<\/table>\n<p><!--more--><\/p>\n<table border=\"0\" cellspacing=\"5\" cellpadding=\"5\" width=\"100%\" align=\"justify\">\n<tbody>\n<tr>\n<td valign=\"top\">\n<p align=\"justify\">Desde 19 de Maio que cerca de seis mil delegados debatem as v\u00edrgulas e os pontos finais de temas como as florestas e a perda de esp\u00e9cies. Mas de todos, os mais complicados s\u00e3o os biocombust\u00edveis e a partilha dos benef\u00edcios dos recursos naturais entre os pa\u00edses que os det\u00eam e aqueles que os exploram.<\/p>\n<p align=\"justify\">A confer\u00eancia subiu hoje de tom com a chegada dos representantes governamentais, incluindo o secret\u00e1rio de Estado do Ambiente, Humberto Rosa. Mas Portugal estava representado, desde o in\u00edcio dos trabalhos, por uma delega\u00e7\u00e3o do Instituto de Conserva\u00e7\u00e3o da Natureza e da Biodiversidade (ICNB).<\/p>\n<p align=\"justify\">Elisa Oliveira, chefe da delega\u00e7\u00e3o do ICNB, j\u00e1 v\u00ea progressos entre as partes signat\u00e1rias desta Conven\u00e7\u00e3o, adoptada em 1992 na Cimeira da Terra, no Rio de Janeiro.<\/p>\n<p align=\"justify\">\u201cConseguimos o compromisso para a negocia\u00e7\u00e3o de um regime internacional sobre a partilha dos benef\u00edcios dos recursos naturais\u201d, adiantou hoje ao P\u00daBLICO. Mas foi depois de muita negocia\u00e7\u00e3o. \u201cOs pa\u00edses em desenvolvimento queriam que esse regime tivesse s\u00f3 elementos vinculativos. Mas outros, como o Canad\u00e1, eram totalmente contra. J\u00e1 a Uni\u00e3o Europeia defendia uma solu\u00e7\u00e3o interm\u00e9dia: com situa\u00e7\u00f5es obrigat\u00f3rias e com outras volunt\u00e1rias\u201d. Depois de ced\u00eancias, \u201cestamos no bom caminho de conseguir um plano de ac\u00e7\u00e3o com o n\u00famero de reuni\u00f5es e o que se vai discutir em cada uma\u201d.<\/p>\n<p align=\"justify\">Para Fausto Brito e Abreu, adjunto do secret\u00e1rio de Estado do Ambiente, a partilha de recursos \u201cregistou progressos t\u00e9cnicos\u201d. \u201cHist\u00f3ricos\u201d at\u00e9, dado que ainda n\u00e3o existe nenhum acordo. \u201cMesmo que s\u00f3 conseguisse este progresso, a confer\u00eancia j\u00e1 seria um triunfo\u201d.<\/p>\n<p align=\"justify\">Especialistas estudam crit\u00e9rios de sustentabilidade para os Biocombust\u00edveis<br \/>\nMas o sucesso pode n\u00e3o ficar por aqui. Humberto Rosa acredita que se possam definir os crit\u00e9rios para compatibilizar os biocombust\u00edveis e a biodiversidade. \u201cVamos tentar um impulso em busca da sustentabilidade, atrav\u00e9s da defini\u00e7\u00e3o de crit\u00e9rios\u201d.<\/p>\n<p align=\"justify\">Hoje, os governos come\u00e7aram a apresentar os seus compromissos. A chanceler Angela Merkel anunciou, at\u00e9 2012, 500 milh\u00f5es de euros para a protec\u00e7\u00e3o das florestas, quest\u00e3o que assumiu como priorit\u00e1ria para a biodiversidade. A partir de 2013, sobe at\u00e9 aos 500 milh\u00f5es de euros por ano. \u201cO an\u00fancio de Merkel foi impressionante, not\u00e1vel\u201d, comentou Fausto Brito e Abreu. \u201cA Alemanha est\u00e1 a fazer da biodiversidade uma bandeira diplom\u00e1tica na pol\u00edtica internacional\u201d.<\/p>\n<p align=\"justify\">Portugal vai oferecer forma\u00e7\u00e3o de recursos humanos em \u00c1frica e a \u201cinspira\u00e7\u00e3o\u201d do Business &amp; Biodiversity. Este projecto, lan\u00e7ado aquando da presid\u00eancia da Uni\u00e3o Europeia, est\u00e1 a ser seguido por outros pa\u00edses. \u201cA Alemanha dever\u00e1 apresentar uma iniciativa nacional\u201d em Bona, disse. Al\u00e9m disso, Lisboa tem um assento privilegiado nas negocia\u00e7\u00f5es sobre a cria\u00e7\u00e3o de \u00e1reas marinhas protegidas em alto mar.<\/p>\n<p align=\"justify\">\u00c1reas marinhas em alto mar podem vir a ser criadas segundo \u201cCrit\u00e9rios dos A\u00e7ores\u201d<br \/>\nA express\u00e3o \u201cCrit\u00e9rios dos A\u00e7ores\u201d j\u00e1 percorre os corredores da confer\u00eancia, em Bona. Apesar das retic\u00eancias de muitos pa\u00edses, a Uni\u00e3o Europeia defende a cria\u00e7\u00e3o de \u00e1reas marinhas protegidas em alto mar, naquelas zonas que \u201cn\u00e3o t\u00eam dono\u201d. No ano passado, quando Portugal ocupava a presid\u00eancia da Uni\u00e3o Europeia, organizou nos A\u00e7ores um &#8220;workshop&#8221; onde peritos de v\u00e1rios pa\u00edses definiram crit\u00e9rios para a cria\u00e7\u00e3o dessas \u00e1reas marinhas. Hoje, em Bona, \u00e9 Portugal quem se senta na cadeira da Uni\u00e3o Europeia e coordena as negocia\u00e7\u00f5es internacionais. \u201cPode ser que haja uma adop\u00e7\u00e3o desses crit\u00e9rios. Ainda n\u00e3o h\u00e1 um documento final mas [o processo] est\u00e1 bem encaminhado\u201d, contou Elisa Oliveira. Fausto Brito e Abreu \u00e9 da mesma opini\u00e3o. \u201cPortugal tem aqui um papel muito importante e est\u00e1 muito envolvido. Os \u2018Crit\u00e9rios dos A\u00e7ores\u2019 est\u00e3o no bom caminho\u201d.<\/p>\n<p align=\"justify\">Mas o que Humberto Rosa realmente gostava era que a Biodiversidade fosse considerada \u201cum problema t\u00e3o magno como as altera\u00e7\u00f5es clim\u00e1ticas\u201d. Um contributo nesse sentido pode ser o estudo sobre os custos da perda da biodiversidade, cujos resultados preliminares ser\u00e3o apresentados amanh\u00e3. \u201c\u00c9 um estudo paralelo ao relat\u00f3rio Stern sobre altera\u00e7\u00f5es clim\u00e1ticas [apresentado em 2007 por Nicholas Stern, segundo o qual os custos da inac\u00e7\u00e3o seriam muito maiores do que os da ac\u00e7\u00e3o]. Este estudo pode vir a apontar no mesmo sentido\u201d, comentou Humberto Rosa.<\/p>\n<p align=\"justify\">Fausto Brito e Abreu revelou que a Assembleia-Geral da ONU decidiu dedicar \u00e0 Biodiversidade uma sess\u00e3o especial, em 2010.<\/p>\n<p>Fonte:<a href=\"http:\/\/ecosfera.publico.clix.pt\/\" target=\"_blank\"><span style=\"text-decoration: underline;\"><span style=\"color: #0000ff;\">P\u00fablico<\/span><\/span><\/a><\/p>\n<\/td>\n<\/tr>\n<\/tbody>\n<\/table>\n","protected":false},"excerpt":{"rendered":"<p>Segundo o P\u00fablico, delegados de 191 pa\u00edses est\u00e3o em Bona numa corrida contra o tempo para decidir como vai o mundo travar a perda da biodiversidade at\u00e9 2010. Um problema que merece ser t\u00e3o famoso quanto as altera\u00e7\u00f5es clim\u00e1ticas mas que ainda tem mais por fazer, como o provam os pol\u00e9micos dossiers dos biocombust\u00edveis e [&hellip;]<\/p>\n","protected":false},"author":1,"featured_media":0,"comment_status":"open","ping_status":"open","sticky":false,"template":"","format":"standard","meta":{"footnotes":""},"categories":[15],"tags":[24,56,57,25],"class_list":["post-816","post","type-post","status-publish","format-standard","hentry","category-tic-mais","tag-ambiente","tag-biodiversidade","tag-conservacao-da-natureza","tag-ecologia-e-desenvolvimento-sustentavel"],"_links":{"self":[{"href":"https:\/\/www.ticmais.pt\/index.php?rest_route=\/wp\/v2\/posts\/816","targetHints":{"allow":["GET"]}}],"collection":[{"href":"https:\/\/www.ticmais.pt\/index.php?rest_route=\/wp\/v2\/posts"}],"about":[{"href":"https:\/\/www.ticmais.pt\/index.php?rest_route=\/wp\/v2\/types\/post"}],"author":[{"embeddable":true,"href":"https:\/\/www.ticmais.pt\/index.php?rest_route=\/wp\/v2\/users\/1"}],"replies":[{"embeddable":true,"href":"https:\/\/www.ticmais.pt\/index.php?rest_route=%2Fwp%2Fv2%2Fcomments&post=816"}],"version-history":[{"count":0,"href":"https:\/\/www.ticmais.pt\/index.php?rest_route=\/wp\/v2\/posts\/816\/revisions"}],"wp:attachment":[{"href":"https:\/\/www.ticmais.pt\/index.php?rest_route=%2Fwp%2Fv2%2Fmedia&parent=816"}],"wp:term":[{"taxonomy":"category","embeddable":true,"href":"https:\/\/www.ticmais.pt\/index.php?rest_route=%2Fwp%2Fv2%2Fcategories&post=816"},{"taxonomy":"post_tag","embeddable":true,"href":"https:\/\/www.ticmais.pt\/index.php?rest_route=%2Fwp%2Fv2%2Ftags&post=816"}],"curies":[{"name":"wp","href":"https:\/\/api.w.org\/{rel}","templated":true}]}}