{"id":830,"date":"2008-09-23T21:22:30","date_gmt":"2008-09-23T20:22:30","guid":{"rendered":"http:\/\/www.ticmais.pt\/index.php\/2008\/09\/23\/energia-das-ondas-ao-largo-da-povoa-de-varzim\/"},"modified":"2008-09-23T21:22:30","modified_gmt":"2008-09-23T20:22:30","slug":"energia-das-ondas-ao-largo-da-povoa-de-varzim","status":"publish","type":"post","link":"https:\/\/www.ticmais.pt\/?p=830","title":{"rendered":"Energia das ondas ao largo da P\u00f3voa de Varzim"},"content":{"rendered":"<table border=\"0\" cellspacing=\"5\" cellpadding=\"5\" width=\"100%\">\n<tbody>\n<tr>\n<td width=\"160\" valign=\"top\">\n<p align=\"justify\"><img decoding=\"async\" src=\"\/\/www.ticmais.pt\/ticmais\/imagens\/energia-das-ondas-ao-largo-da-povoa-de-varzim.jpg\" alt=\"\" \/><\/p>\n<\/td>\n<td valign=\"top\">\n<p align=\"justify\"><strong>Inaugurado primeiro parque mundial e comercial<\/strong><\/p>\n<p align=\"justify\">O primeiro parque mundial de aproveitamento de energia de ondas, ao largo da P\u00f3voa de Varzim, foi apresentado hoje. Por agora, ainda s\u00f3 se encontra instalada uma m\u00e1quina mas dentro de uma semana dever\u00e3o ser tr\u00eas.<\/p>\n<\/td>\n<\/tr>\n<\/tbody>\n<\/table>\n<p><!--more--><\/p>\n<table border=\"0\" cellspacing=\"5\" cellpadding=\"5\" width=\"100%\" align=\"justify\">\n<tbody>\n<tr>\n<td valign=\"top\">\n<p align=\"justify\">O movimento gerado pelas ondas obriga a que fluidos hidr\u00e1ulicos circulem por motores e accionem geradores el\u00e9ctricos que produzem energia e que, ap\u00f3s passar pelo \u201cnariz\u201d, onde se encontra o transformador, \u00e9 conduzida para a subesta\u00e7\u00e3o da Agu\u00e7adoura.<\/p>\n<\/td>\n<\/tr>\n<\/tbody>\n<\/table>\n<table border=\"0\" cellspacing=\"5\" cellpadding=\"5\" width=\"100%\" align=\"justify\">\n<tbody>\n<tr>\n<td style=\"width: 400px;\" valign=\"top\">\n<p align=\"justify\">Actualmente, a electricidade gerada pelas ondas ainda \u00e9 uma energia cara.<br \/>\nAs tr\u00eas m\u00e1quinas possuem uma capacidade para produzir seis gigawatts por ano, o equivalente para abastecer duas mil casas, servir seis mil pessoas.<br \/>\nO investimento global \u00e9 superior a 8,5 milh\u00f5es de euros e compreende numa segunda fase adquirir mais 25 m\u00e1quinas.<br \/>\nOs pr\u00f3ximos parceiros estrat\u00e9gicos da Enersis ser\u00e3o a EDP e a Efacec.<\/p>\n<\/td>\n<td valign=\"top\">\n<p align=\"justify\"><img decoding=\"async\" src=\"\/\/www.ticmais.pt\/ticmais\/imagens\/energia-das-ondas-ao-largo-da-povoa-de-varzim2.jpg\" alt=\"\" \/><\/p>\n<\/td>\n<\/tr>\n<tr>\n<td colspan=\"2\"><span style=\"color: #800000;\"><strong>\u00a0V\u00cdDEOS<\/strong><\/span><\/td>\n<\/tr>\n<\/tbody>\n<\/table>\n<table border=\"0\" cellspacing=\"5\" cellpadding=\"5\" width=\"100%\" align=\"justify\">\n<tbody>\n<tr>\n<td style=\"width: 20px;\" valign=\"top\">\n<p align=\"justify\"><a href=\"http:\/\/sic.aeiou.pt\/online\/scripts\/2007\/videopopup2008.aspx?videoId={A0A901B1-5C28-42D0-A360-139AC8CF7833}\" target=\"_blank\"><img decoding=\"async\" src=\"\/\/www.ticmais.pt\/ticmais\/imagens\/energia-das-ondas-ao-largo-da-povoa-de-varzim3.jpg\" alt=\"\" \/><\/a><\/p>\n<\/td>\n<td valign=\"top\">\n<p align=\"justify\"><strong>P\u00f3voa de Varzim com energias renov\u00e1veis<br \/>\n<\/strong>Experi\u00eancia pioneira com parque de ondas<\/p>\n<\/td>\n<\/tr>\n<\/tbody>\n<\/table>\n<table border=\"0\" cellspacing=\"5\" cellpadding=\"5\" width=\"100%\" align=\"justify\">\n<tbody>\n<tr>\n<td style=\"width: 20px;\" valign=\"top\">\n<p align=\"justify\"><a href=\"http:\/\/sic.aeiou.pt\/online\/scripts\/2007\/videopopup2008.aspx?videoId={EE77CDD5-7133-4398-BB53-8FDA9591C3ED}\" target=\"_blank\"><img decoding=\"async\" src=\"\/\/www.ticmais.pt\/ticmais\/imagens\/energia-das-ondas-ao-largo-da-povoa-de-varzim4.jpg\" alt=\"\" \/><\/a><\/p>\n<\/td>\n<td valign=\"top\">\n<p align=\"justify\"><strong>Energia das Ondas<br \/>\n<\/strong>O Parque foi inaugurado esta manh\u00e3, na P\u00f3voa do Varzim<\/p>\n<\/td>\n<\/tr>\n<\/tbody>\n<\/table>\n<table border=\"0\" cellspacing=\"5\" cellpadding=\"5\" width=\"100%\" align=\"justify\">\n<tbody>\n<tr>\n<td valign=\"top\">\n<p align=\"justify\">Fonte: <a href=\"http:\/\/sic.aeiou.pt\/online\/\" target=\"_blank\"><span style=\"text-decoration: underline;\"><span style=\"color: #0000ff;\">SIC Online<\/span><\/span><\/a><\/p>\n<\/td>\n<\/tr>\n<\/tbody>\n<\/table>\n","protected":false},"excerpt":{"rendered":"<p>Inaugurado primeiro parque mundial e comercial O primeiro parque mundial de aproveitamento de energia de ondas, ao largo da P\u00f3voa de Varzim, foi apresentado hoje. Por agora, ainda s\u00f3 se encontra instalada uma m\u00e1quina mas dentro de uma semana dever\u00e3o ser tr\u00eas.<\/p>\n","protected":false},"author":1,"featured_media":0,"comment_status":"open","ping_status":"open","sticky":false,"template":"","format":"standard","meta":{"footnotes":""},"categories":[15],"tags":[24,25,26,37],"class_list":["post-830","post","type-post","status-publish","format-standard","hentry","category-tic-mais","tag-ambiente","tag-ecologia-e-desenvolvimento-sustentavel","tag-energias-renovaveis","tag-novas-energias"],"_links":{"self":[{"href":"https:\/\/www.ticmais.pt\/index.php?rest_route=\/wp\/v2\/posts\/830","targetHints":{"allow":["GET"]}}],"collection":[{"href":"https:\/\/www.ticmais.pt\/index.php?rest_route=\/wp\/v2\/posts"}],"about":[{"href":"https:\/\/www.ticmais.pt\/index.php?rest_route=\/wp\/v2\/types\/post"}],"author":[{"embeddable":true,"href":"https:\/\/www.ticmais.pt\/index.php?rest_route=\/wp\/v2\/users\/1"}],"replies":[{"embeddable":true,"href":"https:\/\/www.ticmais.pt\/index.php?rest_route=%2Fwp%2Fv2%2Fcomments&post=830"}],"version-history":[{"count":0,"href":"https:\/\/www.ticmais.pt\/index.php?rest_route=\/wp\/v2\/posts\/830\/revisions"}],"wp:attachment":[{"href":"https:\/\/www.ticmais.pt\/index.php?rest_route=%2Fwp%2Fv2%2Fmedia&parent=830"}],"wp:term":[{"taxonomy":"category","embeddable":true,"href":"https:\/\/www.ticmais.pt\/index.php?rest_route=%2Fwp%2Fv2%2Fcategories&post=830"},{"taxonomy":"post_tag","embeddable":true,"href":"https:\/\/www.ticmais.pt\/index.php?rest_route=%2Fwp%2Fv2%2Ftags&post=830"}],"curies":[{"name":"wp","href":"https:\/\/api.w.org\/{rel}","templated":true}]}}