{"id":839,"date":"2007-12-18T13:26:22","date_gmt":"2007-12-18T13:26:22","guid":{"rendered":"http:\/\/www.ticmais.pt\/index.php\/2007\/12\/18\/os-planos-municipais-na-geracao-qren-20072013\/"},"modified":"2020-02-24T02:30:19","modified_gmt":"2020-02-24T01:30:19","slug":"os-planos-municipais-na-geracao-qren-20072013","status":"publish","type":"post","link":"https:\/\/www.ticmais.pt\/?p=839","title":{"rendered":"Os Projectos Municipais na Gera\u00e7\u00e3o QREN 2007\/2013"},"content":{"rendered":"<table style=\"width: 100%;\" border=\"0\" cellspacing=\"5\" cellpadding=\"5\">\n<tbody>\n<tr>\n<td valign=\"top\" width=\"160\"><img decoding=\"async\" src=\"\/\/www.ticmais.pt\/ticmais\/imagens\/os-planos-municipais-na-geracao-qren-20072013.jpg\" alt=\"\" border=\"0\" \/><\/td>\n<td valign=\"top\">\n<div style=\"text-align: justify;\"><span style=\"color: #000000;\">As assimetrias interior\/litoral e Portugal\/m\u00e9dia dos pa\u00edses mais desenvolvidos s\u00f3 poder\u00e3o ser combatidas com \u00eaxito se os investimentos estrat\u00e9gicos no \u00e2mbito do Quadro de Refer\u00eancia Estrat\u00e9gico Nacional (QREN 2007-2013) forem efectivamente aplicados de <strong><a href=\"http:\/\/www.ticmais.pt\/?p=900\" target=\"_self\" rel=\"noopener noreferrer\">forma mais selectiva do que at\u00e9 aqui tem acontecido<\/a><\/strong>.<\/span><\/div>\n<div style=\"text-align: justify;\"><\/div>\n<div style=\"text-align: justify;\"><span style=\"color: #000000;\"><a href=\"http:\/\/www.ticmais.pt\/?p=1234\"><img decoding=\"async\" src=\"\/\/www.ticmais.pt\/ticmais\/imagens\/ticmaislogomini.png\" alt=\"\" \/><\/a><\/span><\/div>\n<\/td>\n<\/tr>\n<\/tbody>\n<\/table>\n<div><!--more--><\/div>\n<table style=\"width: 100%;\" border=\"0\" cellspacing=\"5\" cellpadding=\"5\">\n<tbody>\n<tr>\n<td valign=\"top\">\n<div style=\"text-align: justify;\"><span style=\"color: #000000;\">Os fundos da Uni\u00e3o Europeia e nacionais nem sempre t\u00eam servido para construir as infraestruturas que permitiriam desenvolver as zonas do pa\u00eds mais atrasadas.<\/span><\/div>\n<div style=\"text-align: justify;\"><span style=\"color: #000000;\">H\u00e1 que analisar os erros cometidos, corrigir essa situa\u00e7\u00e3o e canalizar parte significativa dos investimentos para projectos verdadeiramente indutores de desenvolvimento sustentado.<\/span><\/div>\n<div style=\"text-align: justify;\"><span style=\"color: #000000;\">O Programa Operacional da Regi\u00e3o de Lisboa e Vale do Tejo (POR-LVT 2000\/2006) j\u00e1 definia como priorit\u00e1rio os projectos relativos ao desenvolvimento do potencial humano e empresarial. <\/span><span style=\"color: #000000;\">O\u00a0actual Quadro de Refer\u00eancia Estrat\u00e9gica Nacional (QREN 2007-2013) assume, claramente, esses objectivos, como grande des\u00edgnio estrat\u00e9gico.<\/span><\/div>\n<div style=\"text-align: justify;\"><span style=\"color: #800000;\"><strong><br \/>\nUm Programa de mudan\u00e7a para mudan\u00e7a de Projectos<\/strong><\/span><\/div>\n<div style=\"text-align: justify;\"><span style=\"color: #000000;\">Face a tais objectivos, daqui fazemos um pedido a todos os respons\u00e1veis pelo desenvolvimento da nossa Regi\u00e3o para que, duma vez por todas, incorporem no discurso e nos programas esse des\u00edgnio e n\u00e3o remetam, mais uma vez, estes objectivos para segundo plano em favor de outros que n\u00e3o promovem nem consolidam um desenvolvimento econ\u00f3mico sustent\u00e1vel.<\/span><\/div>\n<div style=\"text-align: justify;\"><span style=\"color: #000000;\">H\u00e1 que preparar o concelho e definir os objectivos program\u00e1ticos para um quadro de apoio bastante competitivo, centrado na qualifica\u00e7\u00e3o dos Portugueses, valorizando o ambiente, o conhecimento, a ci\u00eancia, a tecnologia e a inova\u00e7\u00e3o, bem como a promo\u00e7\u00e3o de n\u00edveis elevados e sustentados de desenvolvimento econ\u00f3mico.<\/span><\/div>\n<\/td>\n<\/tr>\n<tr>\n<td><img decoding=\"async\" src=\"\/\/www.ticmais.pt\/ticmais\/imagens\/Coruche,Antonio Pinheiro da Costa,TicMAIS,Cantanhede,Cidadania, Movimento.png\" alt=\"\" \/><\/td>\n<\/tr>\n<tr>\n<td>\n<div><a href=\"https:\/\/www.ticmais.pt\/\"><span style=\"color: #800000;\"><img decoding=\"async\" src=\"\/\/www.ticmais.pt\/ticmais\/imagens\/Coruche, TicMAIS, Antonio Pinheiro da Costa, Movimento de Cidadania, Cantanhede.png\" alt=\"\" \/><\/span><\/a><\/div>\n<\/td>\n<\/tr>\n<\/tbody>\n<\/table>\n","protected":false},"excerpt":{"rendered":"<p>As assimetrias interior\/litoral e Portugal\/m\u00e9dia dos pa\u00edses mais desenvolvidos s\u00f3 poder\u00e3o ser combatidas com \u00eaxito se os investimentos estrat\u00e9gicos no \u00e2mbito do Quadro de Refer\u00eancia Estrat\u00e9gico Nacional (QREN 2007-2013) forem efectivamente aplicados de forma mais selectiva do que at\u00e9 aqui tem acontecido.<\/p>\n","protected":false},"author":1,"featured_media":0,"comment_status":"open","ping_status":"open","sticky":false,"template":"","format":"standard","meta":{"footnotes":""},"categories":[15],"tags":[2,3,4,5,6,17,33,39,10,11,12,13,40,41,19,16],"class_list":["post-839","post","type-post","status-publish","format-standard","hentry","category-tic-mais","tag-antonio-pinheiro-da-costa","tag-camara-municipal-de-coruche","tag-cantanhede","tag-cidadania","tag-coruche","tag-desenvolvimento-economico","tag-interioridade","tag-investimentos","tag-movimentos-civicos","tag-movimento-de-cidadania","tag-municipios","tag-poder-local","tag-qren","tag-reprodutivos","tag-sociedade-do-conhecinentoda-informacao","tag-ticmais"],"_links":{"self":[{"href":"https:\/\/www.ticmais.pt\/index.php?rest_route=\/wp\/v2\/posts\/839","targetHints":{"allow":["GET"]}}],"collection":[{"href":"https:\/\/www.ticmais.pt\/index.php?rest_route=\/wp\/v2\/posts"}],"about":[{"href":"https:\/\/www.ticmais.pt\/index.php?rest_route=\/wp\/v2\/types\/post"}],"author":[{"embeddable":true,"href":"https:\/\/www.ticmais.pt\/index.php?rest_route=\/wp\/v2\/users\/1"}],"replies":[{"embeddable":true,"href":"https:\/\/www.ticmais.pt\/index.php?rest_route=%2Fwp%2Fv2%2Fcomments&post=839"}],"version-history":[{"count":0,"href":"https:\/\/www.ticmais.pt\/index.php?rest_route=\/wp\/v2\/posts\/839\/revisions"}],"wp:attachment":[{"href":"https:\/\/www.ticmais.pt\/index.php?rest_route=%2Fwp%2Fv2%2Fmedia&parent=839"}],"wp:term":[{"taxonomy":"category","embeddable":true,"href":"https:\/\/www.ticmais.pt\/index.php?rest_route=%2Fwp%2Fv2%2Fcategories&post=839"},{"taxonomy":"post_tag","embeddable":true,"href":"https:\/\/www.ticmais.pt\/index.php?rest_route=%2Fwp%2Fv2%2Ftags&post=839"}],"curies":[{"name":"wp","href":"https:\/\/api.w.org\/{rel}","templated":true}]}}