{"id":841,"date":"2009-09-29T23:30:56","date_gmt":"2009-09-29T23:30:56","guid":{"rendered":"http:\/\/www.ticmais.pt\/?p=841"},"modified":"2021-04-29T00:00:46","modified_gmt":"2021-04-28T23:00:46","slug":"desenvolvimento-local-novos-desafios","status":"publish","type":"post","link":"https:\/\/www.ticmais.pt\/?p=841","title":{"rendered":"Contributos para o debate aut\u00e1rquico:"},"content":{"rendered":"<table style=\"width: 100%;\" border=\"0\" cellspacing=\"5\" cellpadding=\"5\" align=\"justify\">\n<tbody>\n<tr>\n<td valign=\"top\" width=\"160\"><img decoding=\"async\" src=\"\/\/www.ticmais.pt\/ticmais\/imagens\/Desenvolvimento%20local%20novos%20desafios%20novos%20protagonistas.png\" alt=\"\" \/><\/td>\n<td valign=\"top\"><strong>Desenvolvimento local: novos desafios, novos protagonistas<\/strong><\/p>\n<div style=\"text-align: justify;\">O modelo de administra\u00e7\u00e3o local tem de prosseguir novos objectivos adaptando-se cada vez mais \u00e0s novas exig\u00eancias e complexidades de uma sociedade moderna. Para tal, imp\u00f5e-se a implementa\u00e7\u00e3o de novas e eficazes formas de organiza\u00e7\u00e3o.<\/div>\n<div><span style=\"color: #ffffff;\">.<\/span><\/div>\n<div><a href=\"http:\/\/www.ticmais.pt\/?p=1234\"><img decoding=\"async\" src=\"\/\/www.ticmais.pt\/ticmais\/imagens\/ticmaislogomini.png\" alt=\"\" \/><\/a><\/div>\n<\/td>\n<\/tr>\n<\/tbody>\n<\/table>\n<div><!--more--><\/div>\n<table style=\"width: 100%;\" border=\"0\" cellspacing=\"5\" cellpadding=\"5\">\n<tbody>\n<tr>\n<td valign=\"top\">\n<div style=\"text-align: justify;\">Come\u00e7a a chegar ao fim o tempo em que construir um Pavilh\u00e3o Multiusos, inaugurar umas rotundas e promover umas festividades bastar\u00e1 para resolver os problemas de uma gest\u00e3o.<\/div>\n<div><span style=\"color: #ffffff;\">.<\/span><\/div>\n<div style=\"text-align: justify;\">Se ao n\u00edvel das empresas j\u00e1 se chegou \u00e0 conclus\u00e3o de que, na era da Sociedade do Conhecimento, precisam de se reorganizar e reequipar, tamb\u00e9m os munic\u00edpios se v\u00eam apercebendo (nem sempre por iniciativa pr\u00f3pria e com a reac\u00e7\u00e3o necess\u00e1ria) que a evolu\u00e7\u00e3o e a complexidade dos sistemas sociais modernos requerem outros caminhos, outras solu\u00e7\u00f5es e mesmo outros protagonistas.<\/div>\n<div><span style=\"color: #ffffff;\">.<\/span><\/div>\n<div style=\"text-align: justify;\">O ciclo que j\u00e1 se iniciou ser\u00e1 feito, porventura, de realiza\u00e7\u00f5es menos vis\u00edveis, mas nem por isso com menor influ\u00eancia no bem-estar da popula\u00e7\u00e3o. Assim, \u00e9 necess\u00e1rio que as autarquias orientem uma parcela maior do seu investimento para a capta\u00e7\u00e3o e fomento de projectos verdadeiramente indutores de desenvolvimento sustentado, medidas que valorizem o conhecimento, a cidadania, a inova\u00e7\u00e3o, que potenciem o desenvolvimento material e intelectual da sua comunidade, que fomentem o empreendedorismo e uma nova cultura pol\u00edtica.<\/div>\n<div><span style=\"color: #ffffff;\">.<\/span><\/div>\n<div style=\"text-align: justify;\">Perante tal realidade, \u00e9 escusado disfar\u00e7ar. Com a evolu\u00e7\u00e3o das novas tecnologias (hoje essenciais a todos os sectores de actividade), a expans\u00e3o urban\u00edstica, o aumento dos equipamentos p\u00fablicos e das necessidades colectivas, e a forma como se vem redefinindo de forma profunda o modo de interven\u00e7\u00e3o c\u00edvica e as fun\u00e7\u00f5es dos diversos espa\u00e7os econ\u00f3micos e sociais, procurar novos caminhos de desenvolvimento, mais sustent\u00e1veis e com maior protagonismo local, que respondam aos desafios do desemprego, da aposta na permanente evolu\u00e7\u00e3o dos recursos humanos locais, da exclus\u00e3o social, da desertifica\u00e7\u00e3o populacional e da fuga da sua &#8220;massa criativa&#8221;, \u00e9 uma quest\u00e3o de sobreviv\u00eancia.<\/div>\n<div><span style=\"color: #ffffff;\">.<\/span><\/div>\n<div>Talvez, nunca como hoje, a necess\u00e1ria e urgente utiliza\u00e7\u00e3o das capacidades e da criatividade tenha assumido tanta import\u00e2ncia.<\/div>\n<div><span style=\"color: #ffffff;\">.<\/span><\/div>\n<div style=\"text-align: justify;\">Quando navegamos na Net e analisamos os diversos &#8220;movimentos&#8221; que emergem da sociedade civil, resulta cada vez mais evidente a confirma\u00e7\u00e3o duma classe interventiva capaz de provocar din\u00e2micas diferenciadoras e sustentadoras de alguma esperan\u00e7a estrat\u00e9gica em rela\u00e7\u00e3o ao futuro. \u00c9 cada vez mais decisivo o papel que a sociedade civil pode ter na regula\u00e7\u00e3o das pol\u00edticas p\u00fablicas que t\u00eam a ver com o desenvolvimento sustentado das suas regi\u00f5es.<\/div>\n<\/td>\n<\/tr>\n<\/tbody>\n<\/table>\n<table style=\"width: 100%;\" border=\"0\" cellspacing=\"5\" cellpadding=\"5\" align=\"justify\">\n<tbody>\n<tr>\n<td style=\"background-color: #ffcc99; text-align: justify;\" valign=\"top\">Poder\u00e1 parecer um pouco estranho, num mundo cada vez mais globalizado, procurar encontrar respostas para estes graves problemas ao n\u00edvel do local. No entanto, \u00e9 preciso perceber que quanto mais a economia se globaliza, mais as comunidades municipais t\u00eam necessidade de estar \u00e0 altura desse desafio e criarem as suas \u00e2ncoras locais.<\/td>\n<\/tr>\n<tr>\n<td><img decoding=\"async\" src=\"\/\/www.ticmais.pt\/ticmais\/imagens\/Coruche,Antonio Pinheiro da Costa,TicMAIS,Cantanhede,Cidadania, Movimento.png\" alt=\"\" \/><\/td>\n<\/tr>\n<tr>\n<td><a href=\"https:\/\/www.ticmais.pt\/\"><span style=\"color: #800000;\"><img decoding=\"async\" src=\"\/\/www.ticmais.pt\/ticmais\/imagens\/Coruche, TicMAIS, Antonio Pinheiro da Costa, Movimento de Cidadania, Cantanhede.png\" alt=\"\" \/><\/span><\/a><\/td>\n<\/tr>\n<tr>\n<td style=\"background-color: #e2dedf;\">Not\u00edcias relacionadas:<br \/>\n<a href=\"http:\/\/www.ticmais.pt\/?tag=ticmais\">Not\u00edcias do Movimento E-Coruche<\/a><br \/>\n<a href=\"http:\/\/www.ticmais.pt\/?p=307\">Parque Industrial, Parque de Neg\u00f3cios ou Parque Tecnol\u00f3gico?<\/a><br \/>\n<a href=\"http:\/\/www.ticmais.pt\/?p=845\">O plano estrat\u00e9gico para o munic\u00edpio de Coruche at\u00e9 2020<\/a><br \/>\n<a href=\"http:\/\/www.ticmais.pt\/?p=900\">Coruche, um gigante adormecido deitado sobre um leito magn\u00edfico!<\/a><\/td>\n<\/tr>\n<\/tbody>\n<\/table>\n","protected":false},"excerpt":{"rendered":"<p>Desenvolvimento local: novos desafios, novos protagonistas O modelo de administra\u00e7\u00e3o local tem de prosseguir novos objectivos adaptando-se cada vez mais \u00e0s novas exig\u00eancias e complexidades de uma sociedade moderna. Para tal, imp\u00f5e-se a implementa\u00e7\u00e3o de novas e eficazes formas de organiza\u00e7\u00e3o. .<\/p>\n","protected":false},"author":1,"featured_media":0,"comment_status":"open","ping_status":"open","sticky":false,"template":"","format":"standard","meta":{"footnotes":""},"categories":[15],"tags":[2,178,3,4,5,6,17,25,7,157,26,8,22,39,10,11,12,18,13,40,41,19,28,16],"class_list":["post-841","post","type-post","status-publish","format-standard","hentry","category-tic-mais","tag-antonio-pinheiro-da-costa","tag-autarquias","tag-camara-municipal-de-coruche","tag-cantanhede","tag-cidadania","tag-coruche","tag-desenvolvimento-economico","tag-ecologia-e-desenvolvimento-sustentavel","tag-egov","tag-empreendedorismo","tag-energias-renovaveis","tag-inclusao-digital","tag-inovacao","tag-investimentos","tag-movimentos-civicos","tag-movimento-de-cidadania","tag-municipios","tag-plano-tecnologico","tag-poder-local","tag-qren","tag-reprodutivos","tag-sociedade-do-conhecinentoda-informacao","tag-tecnologia","tag-ticmais"],"_links":{"self":[{"href":"https:\/\/www.ticmais.pt\/index.php?rest_route=\/wp\/v2\/posts\/841","targetHints":{"allow":["GET"]}}],"collection":[{"href":"https:\/\/www.ticmais.pt\/index.php?rest_route=\/wp\/v2\/posts"}],"about":[{"href":"https:\/\/www.ticmais.pt\/index.php?rest_route=\/wp\/v2\/types\/post"}],"author":[{"embeddable":true,"href":"https:\/\/www.ticmais.pt\/index.php?rest_route=\/wp\/v2\/users\/1"}],"replies":[{"embeddable":true,"href":"https:\/\/www.ticmais.pt\/index.php?rest_route=%2Fwp%2Fv2%2Fcomments&post=841"}],"version-history":[{"count":0,"href":"https:\/\/www.ticmais.pt\/index.php?rest_route=\/wp\/v2\/posts\/841\/revisions"}],"wp:attachment":[{"href":"https:\/\/www.ticmais.pt\/index.php?rest_route=%2Fwp%2Fv2%2Fmedia&parent=841"}],"wp:term":[{"taxonomy":"category","embeddable":true,"href":"https:\/\/www.ticmais.pt\/index.php?rest_route=%2Fwp%2Fv2%2Fcategories&post=841"},{"taxonomy":"post_tag","embeddable":true,"href":"https:\/\/www.ticmais.pt\/index.php?rest_route=%2Fwp%2Fv2%2Ftags&post=841"}],"curies":[{"name":"wp","href":"https:\/\/api.w.org\/{rel}","templated":true}]}}