{"id":845,"date":"2008-02-20T03:27:41","date_gmt":"2008-02-20T03:27:41","guid":{"rendered":"http:\/\/www.ticmais.pt\/index.php\/2008\/02\/20\/o-plano-estrategico-para-o-municipio-de-coruche-ate-2020\/"},"modified":"2021-05-02T20:41:30","modified_gmt":"2021-05-02T19:41:30","slug":"o-plano-estrategico-para-o-municipio-de-coruche-ate-2020","status":"publish","type":"post","link":"https:\/\/www.ticmais.pt\/?p=845","title":{"rendered":"O plano estrat\u00e9gico para o munic\u00edpio  de Coruche at\u00e9 2020"},"content":{"rendered":"<table style=\"width: 100%;\" border=\"0\" cellspacing=\"5\" cellpadding=\"5\">\n<tbody>\n<tr>\n<td valign=\"top\" width=\"160\"><img decoding=\"async\" src=\"\/\/www.ticmais.pt\/ticmais\/imagens\/o-plano-estrategico-para-o-municipio-de-coruche-ate-2020.JPG\" alt=\"\" border=\"0\" \/><\/td>\n<td valign=\"top\">\n<p style=\"text-align: justify;\">O an\u00fancio da elabora\u00e7\u00e3o de um plano estrat\u00e9gico para o munic\u00edpio at\u00e9 2020 \u00e9 o exemplo evidente que nos modernos tempos de mudan\u00e7a com que nos confrontamos, a linha de actua\u00e7\u00e3o estrat\u00e9gica \u00e0 escala local, tem de ser sempre de antecipa\u00e7\u00e3o proactiva e n\u00e3o reactiva.<\/p>\n<p>\u00a0<a href=\"http:\/\/www.ticmais.pt\/?p=1234\"><img decoding=\"async\" src=\"\/\/www.ticmais.pt\/ticmais\/imagens\/ticmaislogomini.png\" alt=\"\" \/><\/a><\/td>\n<\/tr>\n<\/tbody>\n<\/table>\n<div><!--more--><\/div>\n<table style=\"width: 100%;\" border=\"0\" cellspacing=\"5\" cellpadding=\"5\" align=\"justify\">\n<tbody>\n<tr>\n<td valign=\"top\">Os planos estrat\u00e9gicos, os parques de neg\u00f3cios e tecnol\u00f3gicos, as infra-estruturas da era da modernidade, o ensino, a inclus\u00e3o digital, o empreendedorismo, a fixa\u00e7\u00e3o de massa criativa, s\u00e3o alguns exemplos que n\u00e3o podem estar dependentes da constru\u00e7\u00e3o ou n\u00e3o de um novo aeroporto.<\/p>\n<p>O <a href=\".\/ticmais\/imagens\/pdf\/RevisaoPDM.pdf\" target=\"_blank\" rel=\"noopener noreferrer\">Plano Director Municipal de Coruche e as suas propostas de revis\u00e3o<\/a> j\u00e1 contemplam praticamente isso tudo, mas se n\u00e3o, acrescente-se o que lhe falta. O que \u00e9 imperioso e urgente \u00e9 dar seguimento \u00e0s medidas nele previstas e mais proactividade, logicamente em concerta\u00e7\u00e3o estrat\u00e9gica com os outros n\u00edveis de desenvolvimento, regional, nacional e n\u00e3o s\u00f3.<\/p>\n<div style=\"text-align: justify;\">Seria prefer\u00edvel, em vez de se ter suspendido os trabalhos de revis\u00e3o do Plano Director Municipal, para esperar pela decis\u00e3o da localiza\u00e7\u00e3o do novo aeroporto, ter continuado com os trabalhos de revis\u00e3o, perspectivando os dois cen\u00e1rios: Ota ou Alcochete.<\/div>\n<div><span style=\"color: #ffffff;\">.<\/span><\/div>\n<div style=\"text-align: justify;\">Em determinados investimentos estrat\u00e9gicos, os custos de oportunidade, os preju\u00edzos da passividade e lentid\u00e3o, s\u00e3o muito superiores ao que se pensa \u201cpoupar\u201d quando se realizam os mesmos investimentos anos mais tarde, mesmo que em condi\u00e7\u00f5es mais favor\u00e1veis ou \u201cmais baratos\u201d.<\/div>\n<div><span style=\"color: #ffffff;\">.<\/span><\/div>\n<div style=\"text-align: justify;\">N\u00e3o se pode estar constantemente a adiar, estar \u00e0 espera da \u00faltima moda ou da \u00e9poca de saldos.<\/div>\n<div><span style=\"color: #ffffff;\">.<\/span><\/div>\n<div style=\"text-align: justify;\"><strong><span style=\"color: #800000;\">Porque quem anda a reboque vai sempre atr\u00e1s!<\/span><\/strong><\/div>\n<div><span style=\"color: #ffffff;\">.<\/span><\/div>\n<div style=\"text-align: justify;\"><strong>A realidade \u00e9 que os anos v\u00e3o passando e os problemas v\u00e3o-se agudizando, designadamente:<\/strong><\/div>\n<div><span style=\"color: #ffffff;\">.<\/span><\/div>\n<div style=\"text-align: justify;\">Um concelho como o nosso com problemas de depress\u00e3o social, envelhecido e economicamente deprimido, precisa urgentemente de investimentos adequados, de pessoas cada vez mais qualificadas, de massa cr\u00edtica que nos diferentes dom\u00ednios de participa\u00e7\u00e3o econ\u00f3mica, social, cultural e pol\u00edtica possam fazer a diferen\u00e7a, s\u00f3 assim ser\u00e1 poss\u00edvel obter os contributos para as mudan\u00e7as qualitativas que se desejam.<\/div>\n<div><span style=\"color: #ffffff;\">.<\/span><\/div>\n<div style=\"text-align: justify;\">Da rede de sete parques de neg\u00f3cios para o distrito de Santar\u00e9m previstos no POR-LVT 2000\/2006 (Rio Maior, Santar\u00e9m, Torres Novas, Abrantes, Alcanena, Coruche e F\u00e1tima-Our\u00e9m), <a href=\"Parques%20de%20Neg\u00f3cios%20do%20distrito%20apresentados%20em%20Lisboa\">Coruche ficou de fora<\/a>. Se n\u00e3o forem criadas infra-estruturas deste tipo com sistemas de incuba\u00e7\u00e3o de empresas que encorajem e ofere\u00e7am uma s\u00e9rie de facilidades para o arranque e crescimento de novos empreendimentos, ser\u00e1 pouco prov\u00e1vel, especialmente aos jovens empreendedores, superarem os desafios iniciais do arranque (compra de terreno, projectos, constru\u00e7\u00e3o, etc., etc\u2026)<\/div>\n<div><span style=\"color: #ffffff;\">.<\/span><\/div>\n<div style=\"text-align: justify;\">Continuamos a assistir a uma nova\u00a0vaga de sa\u00eddas de coruchenses (alguns com forma\u00e7\u00e3o superior) para o estrangeiro. Casos h\u00e1 de pessoas que emigraram enquanto mais jovens e que pensavam j\u00e1 n\u00e3o ter necessidade de o voltar a fazer, mas agora v\u00eaem-se for\u00e7ados a faz\u00ea-lo novamente.<\/div>\n<div><span style=\"color: #ffffff;\">.<\/span><\/div>\n<div style=\"text-align: justify;\">\u00c9 tamb\u00e9m cada vez mais significativo o n\u00famero de coruchenses que trabalham fora do concelho.<\/div>\n<div><span style=\"color: #ffffff;\">.<\/span><\/div>\n<div style=\"text-align: justify;\">Continuamos todos os anos a assistir \u00e0 <strong>sa\u00edda prematura de um n\u00famero bastante significativo de jovens do nosso concelho<\/strong>, que devido ao leque restrito de op\u00e7\u00f5es que lhe s\u00e3o oferecidas para prosseguirem os seus estudos ap\u00f3s conclu\u00edrem o 9\u00ba ano, tem de sair em direc\u00e7\u00e3o a outros concelhos vizinhos. H\u00e1 20 anos atr\u00e1s, o movimento era precisamente o inverso: jovens de outros concelhos \u00e9 que tinham necessidade de vir estudar para Coruche. Fen\u00f3meno id\u00eantico se passou ao n\u00edvel da divers\u00e3o, hoje o movimento \u00e9 em direc\u00e7\u00e3o aos concelhos vizinhos.<\/div>\n<div><span style=\"color: #ffffff;\">.<\/span><\/div>\n<div style=\"text-align: justify;\">Coruche continua a n\u00e3o ter nenhum curso t\u00e9cnico-profissional na \u00e1rea das Tecnologias de Informa\u00e7\u00e3o e Comunica\u00e7\u00e3o, contrariamente \u00e0 grande maioria dos concelhos que confinam connosco.<\/div>\n<div><span style=\"color: #ffffff;\">.<\/span><\/div>\n<div style=\"text-align: justify;\">Quando olhamos em pormenor para um mapa de estradas de Portugal e verificamos a localiza\u00e7\u00e3o estrat\u00e9gica de Coruche, n\u00e3o compreendemos como os Itiner\u00e1rios Principais e Complementares <strong>parecem ter-se desviado de prop\u00f3sito do concelho<\/strong>.<\/div>\n<div><span style=\"color: #ffffff;\">.<\/span><\/div>\n<div style=\"text-align: justify;\">A liga\u00e7\u00e3o a Lisboa atrav\u00e9s da viabiliza\u00e7\u00e3o do regresso da circula\u00e7\u00e3o de comboios de passageiros na linha Vendas Novas-Setil tarda em acontecer.<\/div>\n<div><span style=\"color: #ffffff;\">.<\/span><\/div>\n<div style=\"text-align: justify;\">O concelho vem perdendo popula\u00e7\u00e3o, o centro hist\u00f3rico da vila de Coruche vem sendo atingido, h\u00e1 j\u00e1 alguns anos, por um <strong>acelerado processo de desertifica\u00e7\u00e3o humana<\/strong> e por um aumento significativo de casas fechadas e em degrada\u00e7\u00e3o acentuada. O com\u00e9rcio tradicional, como \u00e9 evidente, por isso, mas n\u00e3o s\u00f3, est\u00e1 a pagar o pre\u00e7o dessa agonia. O encerramento da Zona Agr\u00e1ria de Coruche e o abandono da Feira das Actividades Econ\u00f3micas reflecte tamb\u00e9m essa tend\u00eancia.<\/div>\n<div><span style=\"color: #ffffff;\">.<\/span><\/div>\n<div style=\"text-align: justify;\">Coruche continua <strong>bastante carente de infra-estruturas de \u00e2mbito tecnol\u00f3gico\/digital<\/strong>.<\/div>\n<div><span style=\"color: #ffffff;\">.<\/span><\/div>\n<div><strong><a href=\"https:\/\/www.ticmais.pt\/ticmais\/pdf\/2008.02.24.plano.estrategico.para.o.municipio.ate.20020.pdf\">Not\u00edcia publicada no Jornal Mais Regi\u00e3o<\/a><\/strong><\/div>\n<\/td>\n<\/tr>\n<tr>\n<td><img decoding=\"async\" src=\"\/\/www.ticmais.pt\/ticmais\/imagens\/Coruche,Antonio Pinheiro da Costa,TicMAIS,Cantanhede,Cidadania, Movimento.png\" alt=\"\" \/><\/td>\n<\/tr>\n<tr>\n<td><a href=\"https:\/\/www.ticmais.pt\/\"><span style=\"color: #800000;\"><img decoding=\"async\" src=\"\/\/www.ticmais.pt\/ticmais\/imagens\/Coruche, TicMAIS, Antonio Pinheiro da Costa, Movimento de Cidadania, Cantanhede.png\" alt=\"\" \/><\/span><\/a><\/td>\n<\/tr>\n<\/tbody>\n<\/table>\n","protected":false},"excerpt":{"rendered":"<p>O an\u00fancio da elabora\u00e7\u00e3o de um plano estrat\u00e9gico para o munic\u00edpio at\u00e9 2020 \u00e9 o exemplo evidente que nos modernos tempos de mudan\u00e7a com que nos confrontamos, a linha de actua\u00e7\u00e3o estrat\u00e9gica \u00e0 escala local, tem de ser sempre de antecipa\u00e7\u00e3o proactiva e n\u00e3o reactiva. \u00a0<\/p>\n","protected":false},"author":1,"featured_media":0,"comment_status":"open","ping_status":"open","sticky":false,"template":"","format":"standard","meta":{"footnotes":""},"categories":[15],"tags":[2,3,5,6,17,39,10,11,12,60,13,61,41,16],"class_list":["post-845","post","type-post","status-publish","format-standard","hentry","category-tic-mais","tag-antonio-pinheiro-da-costa","tag-camara-municipal-de-coruche","tag-cidadania","tag-coruche","tag-desenvolvimento-economico","tag-investimentos","tag-movimentos-civicos","tag-movimento-de-cidadania","tag-municipios","tag-planos","tag-poder-local","tag-programas","tag-reprodutivos","tag-ticmais"],"_links":{"self":[{"href":"https:\/\/www.ticmais.pt\/index.php?rest_route=\/wp\/v2\/posts\/845","targetHints":{"allow":["GET"]}}],"collection":[{"href":"https:\/\/www.ticmais.pt\/index.php?rest_route=\/wp\/v2\/posts"}],"about":[{"href":"https:\/\/www.ticmais.pt\/index.php?rest_route=\/wp\/v2\/types\/post"}],"author":[{"embeddable":true,"href":"https:\/\/www.ticmais.pt\/index.php?rest_route=\/wp\/v2\/users\/1"}],"replies":[{"embeddable":true,"href":"https:\/\/www.ticmais.pt\/index.php?rest_route=%2Fwp%2Fv2%2Fcomments&post=845"}],"version-history":[{"count":0,"href":"https:\/\/www.ticmais.pt\/index.php?rest_route=\/wp\/v2\/posts\/845\/revisions"}],"wp:attachment":[{"href":"https:\/\/www.ticmais.pt\/index.php?rest_route=%2Fwp%2Fv2%2Fmedia&parent=845"}],"wp:term":[{"taxonomy":"category","embeddable":true,"href":"https:\/\/www.ticmais.pt\/index.php?rest_route=%2Fwp%2Fv2%2Fcategories&post=845"},{"taxonomy":"post_tag","embeddable":true,"href":"https:\/\/www.ticmais.pt\/index.php?rest_route=%2Fwp%2Fv2%2Ftags&post=845"}],"curies":[{"name":"wp","href":"https:\/\/api.w.org\/{rel}","templated":true}]}}