{"id":856,"date":"2007-11-14T15:52:27","date_gmt":"2007-11-14T15:52:27","guid":{"rendered":"http:\/\/www.ticmais.pt\/index.php\/2007\/11\/14\/a-geracao-dos-sem-a-quinhentos-euros\/"},"modified":"2021-04-29T15:59:23","modified_gmt":"2021-04-29T14:59:23","slug":"a-geracao-dos-sem-a-quinhentos-euros","status":"publish","type":"post","link":"https:\/\/www.ticmais.pt\/?p=856","title":{"rendered":"A Gera\u00e7\u00e3o dos &#8220;Sem&#8221; a Quinhentos Euros"},"content":{"rendered":"<table style=\"width: 100%;\" border=\"0\" cellspacing=\"5\" cellpadding=\"5\">\n<tbody>\n<tr>\n<td valign=\"top\" width=\"160\"><img loading=\"lazy\" decoding=\"async\" src=\"\/\/www.ticmais.pt\/ticmais\/imagens\/a-geracao-dos-qsemq-a-quinhentos-euros.jpg\" alt=\"\" width=\"160\" height=\"127\" border=\"0\" \/><\/td>\n<td valign=\"top\">Eu sou daqueles que consideram \u2013 analise-se por que prisma se quiser \u2013 que Portugal tem hoje, sem d\u00favida, a gera\u00e7\u00e3o mais qualificada que porventura j\u00e1 teve (se tivermos em linha de conta a percentagem de jovens licenciados nas mais diversas \u00e1reas do saber).<\/p>\n<p><a href=\"http:\/\/www.ticmais.pt\/?p=1234\"><img decoding=\"async\" src=\"\/\/www.ticmais.pt\/ticmais\/imagens\/ticmaislogomini.png\" alt=\"\" \/><\/a><\/td>\n<\/tr>\n<\/tbody>\n<\/table>\n<div><!--more--><\/div>\n<table style=\"width: 100%;\" border=\"0\" cellspacing=\"5\" cellpadding=\"5\" align=\"justify\">\n<tbody>\n<tr>\n<td style=\"text-align: justify;\" valign=\"top\">Mas esta \u00e9 tamb\u00e9m uma gera\u00e7\u00e3o cada vez mais dependente (nomeadamente do apoio dos pais, tamb\u00e9m eles, na sua grande maioria, em dificuldades), sem perspectivas e condi\u00e7\u00f5es para poder enfrentar o mercado da habita\u00e7\u00e3o, para conquistar a sua independ\u00eancia e autonomia, em consequ\u00eancia duma a precariza\u00e7\u00e3o sistem\u00e1tica e cada vez maior dos v\u00ednculos laborais.<\/p>\n<div style=\"text-align: justify;\">\u00c9 uma gera\u00e7\u00e3o cujo presente inseguro s\u00f3 pode assegurar-lhe um futuro ainda mais incerto.<\/div>\n<div><span style=\"color: #ffffff;\">.<\/span><\/div>\n<div style=\"text-align: justify;\">A contrac\u00e7\u00e3o da economia e das contrata\u00e7\u00f5es da administra\u00e7\u00e3o p\u00fablica, est\u00e1 a empurrar cada vez mais jovens para o desemprego (neste segmento anda perto dos 20%) ou para o trabalho tempor\u00e1rio (52% da m\u00e3o-de-obra at\u00e9 aos 24 anos). As poucas oportunidades de emprego que v\u00e3o surgindo s\u00e3o em call centers, centros comerciais, hotelaria e restaura\u00e7\u00e3o.<\/div>\n<div><span style=\"color: #ffffff;\">.<\/span><\/div>\n<div style=\"text-align: justify;\">Muitos j\u00e1 passaram h\u00e1 muito os 20 anos, est\u00e3o na casa dos 30 e \u00e0 beira dos 40.<\/div>\n<div><span style=\"color: #ffffff;\">.<\/span><\/div>\n<div style=\"text-align: justify;\">O cen\u00e1rio que se lhes apresenta \u00e9 passarem por jovens, menos jovens e, por fim, j\u00e1 velhos, sempre descart\u00e1veis toda uma vida.<\/div>\n<div><span style=\"color: #ffffff;\">.<\/span><\/div>\n<div style=\"text-align: justify;\">A propens\u00e3o liberalizadora do mercado \u00e9 not\u00f3ria nos dados relativos ao emprego. Os trabalhadores abrangidos por contratos a termo e em regime de trabalho tempor\u00e1rio anda na casa dos 22%, quando na Zona Euro \u00e9 de 16%.<\/div>\n<div><span style=\"color: #ffffff;\">.<\/span><\/div>\n<div style=\"text-align: justify;\">Muitos t\u00eam licenciaturas e mestrados, saltam de emprego em emprego, muitas vezes de acordo com a conveni\u00eancia das Empresas de Trabalho Tempor\u00e1rio (que retiram para si parte do que deveria ser sal\u00e1rio) ou de outras modalidades da precariedade juvenil, recibos verdes, est\u00e1gios e mais est\u00e1gios (muitos n\u00e3o remunerados), bolsas e contratos a prazo. A hist\u00f3ria vai-se repetindo m\u00eas ap\u00f3s m\u00eas, ano ap\u00f3s ano.<\/div>\n<div><span style=\"color: #ffffff;\">.<\/span><\/div>\n<div style=\"text-align: justify;\">Est\u00e3o desencantados com a classe pol\u00edtica, sentem-se desconsiderados, desperdi\u00e7ados, desanimados relativamente \u00e0s perspectivas de futuro.<\/div>\n<div><span style=\"color: #ffffff;\">.<\/span><\/div>\n<div style=\"text-align: justify;\">A prosseguir este caminho, Portugal pagar\u00e1 bem caro este rumo.<\/div>\n<div><span style=\"color: #ffffff;\">.<\/span><\/div>\n<div style=\"text-align: justify;\">Quantos jovens desta gera\u00e7\u00e3o n\u00e3o ter\u00e3o condi\u00e7\u00f5es necess\u00e1rias para construir uma vida com um m\u00ednimo de estabilidade e compromisso? Qual o custo socioecon\u00f3mico a pagar pelo envelhecimento da sociedade que resultar\u00e1 destas gera\u00e7\u00f5es sem filhos? Quem manter\u00e1 e assegurar\u00e1 a viabilidade financeira da Seguran\u00e7a Social no futuro?<\/div>\n<div><span style=\"color: #ffffff;\">.<\/span><\/div>\n<div style=\"text-align: justify;\">Enquanto isso, n\u00f3s os pais, vamos assistindo no nosso casulo (comparticipando do nosso magro or\u00e7amento) aos variados atropelos e abusos dirigidos aos nossos filhos e desenvolvidos directa e indirectamente por uma classe confortavelmente instalada que pratica uma s\u00e9rie de imoralidades sociais, oferece uma vida de mordomias e plena de oportunidades aos seus ou das suas corpora\u00e7\u00f5es, e a continuar a achar que isso \u00e9 normal, que faz parte do quotidiano, que tem de ser assim, que n\u00e3o h\u00e1 outras solu\u00e7\u00f5es.<\/div>\n<div><span style=\"color: #ffffff;\">.<\/span><\/div>\n<div style=\"text-align: justify;\">Mudar este panorama passa por uma reestrutura\u00e7\u00e3o do modo de participa\u00e7\u00e3o dos jovens e menos jovens (da Sociedade Civil).<\/div>\n<div><span style=\"color: #ffffff;\">.<\/span><\/div>\n<div style=\"text-align: justify;\">Talvez, nunca como hoje, a necess\u00e1ria e urgente utiliza\u00e7\u00e3o das capacidades e da criatividade tenha assumido tanta import\u00e2ncia.<\/div>\n<div><span style=\"color: #ffffff;\">.<\/span><\/div>\n<div><strong>Nota<\/strong>: <a href=\"https:\/\/www.ticmais.pt\/ticmais\/pdf\/2007.11.a.geracao.dos.sem.a.quinhentos.euros.pdf\">artigo publicado no Jornal Mais Regi\u00e3o<\/a><\/div>\n<\/td>\n<\/tr>\n<\/tbody>\n<\/table>\n<table style=\"width: 100%;\" border=\"0\" cellspacing=\"5\" cellpadding=\"5\" align=\"justify\">\n<tbody>\n<tr>\n<td valign=\"top\"><img loading=\"lazy\" decoding=\"async\" src=\"\/\/www.ticmais.pt\/ticmais\/imagens\/ticmais-nota-singular.gif\" alt=\"\" width=\"120\" height=\"47\" border=\"0\" \/><\/td>\n<td style=\"text-align: justify; background-color: #ffcc99;\" valign=\"top\">Eu sou daqueles que consideram que esta gera\u00e7\u00e3o vai chegar l\u00e1, pois, na grande maioria dos casos, est\u00e1 a ser dominada por uma classe que n\u00e3o tem conhecimentos sustentados e valores duma sociedade moderna ao n\u00edvel dos conhecimentos e valores daqueles que emprega.<\/td>\n<\/tr>\n<tr>\n<td colspan=\"2\"><span style=\"color: #800000;\"><img decoding=\"async\" src=\"\/\/www.ticmais.pt\/ticmais\/imagens\/Coruche,Antonio Pinheiro da Costa,TicMAIS,Cantanhede,Cidadania, Movimento.png\" alt=\"\" \/><\/span><\/td>\n<\/tr>\n<tr>\n<td colspan=\"2\"><a href=\"https:\/\/www.ticmais.pt\/\"><span style=\"color: #800000;\"><img decoding=\"async\" src=\"\/\/www.ticmais.pt\/ticmais\/imagens\/Coruche, TicMAIS, Antonio Pinheiro da Costa, Movimento de Cidadania, Cantanhede.png\" alt=\"\" \/><\/span><\/a><\/td>\n<\/tr>\n<\/tbody>\n<\/table>\n<hr id=\"system-readmore\" \/>\n","protected":false},"excerpt":{"rendered":"<p>Eu sou daqueles que consideram \u2013 analise-se por que prisma se quiser \u2013 que Portugal tem hoje, sem d\u00favida, a gera\u00e7\u00e3o mais qualificada que porventura j\u00e1 teve (se tivermos em linha de conta a percentagem de jovens licenciados nas mais diversas \u00e1reas do saber).<\/p>\n","protected":false},"author":1,"featured_media":0,"comment_status":"open","ping_status":"open","sticky":false,"template":"","format":"standard","meta":{"footnotes":""},"categories":[15],"tags":[2,4,5,6,42,46,44,30,10,11,47,16,48],"class_list":["post-856","post","type-post","status-publish","format-standard","hentry","category-tic-mais","tag-antonio-pinheiro-da-costa","tag-cantanhede","tag-cidadania","tag-coruche","tag-desemprego","tag-ferve","tag-geracao-a-rasca","tag-juventude","tag-movimentos-civicos","tag-movimento-de-cidadania","tag-recibos-verdes","tag-ticmais","tag-trabalho-temporario"],"_links":{"self":[{"href":"https:\/\/www.ticmais.pt\/index.php?rest_route=\/wp\/v2\/posts\/856","targetHints":{"allow":["GET"]}}],"collection":[{"href":"https:\/\/www.ticmais.pt\/index.php?rest_route=\/wp\/v2\/posts"}],"about":[{"href":"https:\/\/www.ticmais.pt\/index.php?rest_route=\/wp\/v2\/types\/post"}],"author":[{"embeddable":true,"href":"https:\/\/www.ticmais.pt\/index.php?rest_route=\/wp\/v2\/users\/1"}],"replies":[{"embeddable":true,"href":"https:\/\/www.ticmais.pt\/index.php?rest_route=%2Fwp%2Fv2%2Fcomments&post=856"}],"version-history":[{"count":0,"href":"https:\/\/www.ticmais.pt\/index.php?rest_route=\/wp\/v2\/posts\/856\/revisions"}],"wp:attachment":[{"href":"https:\/\/www.ticmais.pt\/index.php?rest_route=%2Fwp%2Fv2%2Fmedia&parent=856"}],"wp:term":[{"taxonomy":"category","embeddable":true,"href":"https:\/\/www.ticmais.pt\/index.php?rest_route=%2Fwp%2Fv2%2Fcategories&post=856"},{"taxonomy":"post_tag","embeddable":true,"href":"https:\/\/www.ticmais.pt\/index.php?rest_route=%2Fwp%2Fv2%2Ftags&post=856"}],"curies":[{"name":"wp","href":"https:\/\/api.w.org\/{rel}","templated":true}]}}