{"id":867,"date":"2008-05-25T14:16:11","date_gmt":"2008-05-25T14:16:11","guid":{"rendered":"http:\/\/www.ticmais.pt\/index.php\/2008\/05\/25\/o-centro-historico-da-vila-de-coruche\/"},"modified":"2020-02-24T02:34:44","modified_gmt":"2020-02-24T01:34:44","slug":"o-centro-historico-da-vila-de-coruche","status":"publish","type":"post","link":"https:\/\/www.ticmais.pt\/?p=867","title":{"rendered":"O centro hist\u00f3rico da vila de Coruche"},"content":{"rendered":"<table style=\"width: 100%; text-align: center;\" border=\"0\" cellspacing=\"5\" cellpadding=\"5\">\n<tbody>\n<tr>\n<td valign=\"top\" width=\"160\"><img loading=\"lazy\" decoding=\"async\" src=\"\/\/www.ticmais.pt\/ticmais\/imagens\/o-centro-historico-da-vila-de-coruche-e-o-comercio-tradicional.jpg\" alt=\"\" width=\"160\" height=\"120\" border=\"0\" \/><\/td>\n<td style=\"text-align: justify;\" valign=\"top\">Tal como em muitas outras zonas do pa\u00eds, o centro hist\u00f3rico da vila de Coruche vem sendo atingido, h\u00e1 j\u00e1 alguns anos, por um acelerado processo de desertifica\u00e7\u00e3o humana e por um aumento significativo de casas fechadas e em degrada\u00e7\u00e3o acentuada. O com\u00e9rcio tradicional, como \u00e9 evidente, por isso, mas n\u00e3o s\u00f3, est\u00e1 a pagar o pre\u00e7o dessa agonia.<\/p>\n<p><a href=\"http:\/\/www.ticmais.pt\/?p=1234\"><img decoding=\"async\" src=\"\/\/www.ticmais.pt\/ticmais\/imagens\/ticmaislogomini.png\" alt=\"\" \/><\/a><\/td>\n<\/tr>\n<\/tbody>\n<\/table>\n<p style=\"text-align: center;\"><!--more--><\/p>\n<table style=\"width: 100%; text-align: center;\" border=\"0\" cellspacing=\"5\" cellpadding=\"5\">\n<tbody>\n<tr>\n<td style=\"text-align: justify;\" valign=\"top\"><strong><span style=\"color: #800000;\">S\u00e3o precisas medidas urgentes para combater este crescimento natural negativo<br \/>\n<\/span><\/strong><br \/>\n<span style=\"color: #000000;\"><strong>Para combater este grave problema, s<\/strong><\/span><span style=\"color: #333333;\"><strong>\u00e3o necess\u00e1rias medidas criativas ao n\u00edvel da habita\u00e7\u00e3o, da interven\u00e7\u00e3o social\u00a0e do emprego (qualificado), que favore\u00e7am a fixa\u00e7\u00e3o de pessoas, designadamente\u00a0de casais jovens:<\/strong><\/span><\/td>\n<\/tr>\n<\/tbody>\n<\/table>\n<table style=\"width: 100%; text-align: center;\" border=\"0\" cellspacing=\"5\" cellpadding=\"5\">\n<tbody>\n<tr>\n<td valign=\"top\"><\/td>\n<td style=\"text-align: justify;\" valign=\"top\">Medidas de sensibiliza\u00e7\u00e3o, promo\u00e7\u00e3o, divulga\u00e7\u00e3o e revitaliza\u00e7\u00e3o do centro hist\u00f3rico (n\u00e3o basta embelezar, os cemit\u00e9rios tamb\u00e9m est\u00e3o bem cuidados, mas n\u00e3o existe l\u00e1 vida), designadamente, dot\u00e1-lo de um moderno e avan\u00e7ado servi\u00e7o de modernas infraestruturas (Telecomunica\u00e7\u00f5es,\u00a0G\u00e1s,\u00a0Energias Renov\u00e1veis). Acabar com as antenas inest\u00e9ticas e permitir a recep\u00e7\u00e3o de televis\u00e3o, telefone e Internet por cabo e wireless. Hoje para a fixa\u00e7\u00e3o das pessoas, dos servi\u00e7os e das empresas, essas infraestruturas s\u00e3o important\u00edssimas. <span style=\"color: #800000;\">Colocar (e bem) hotspots no Parque do Sorraia e esquecer o centro da vila n\u00e3o \u00e9 boa politica<\/span>;<\/td>\n<\/tr>\n<\/tbody>\n<\/table>\n<table style=\"width: 100%; text-align: center;\" border=\"0\" cellspacing=\"5\" cellpadding=\"5\">\n<tbody>\n<tr>\n<td valign=\"top\"><\/td>\n<td style=\"text-align: justify;\" valign=\"top\">Continuamos a assistir a uma nova vaga de sa\u00eddas de coruchenses (alguns com forma\u00e7\u00e3o superior) para o estrangeiro. Casos h\u00e1 de pessoas que emigraram enquanto mais jovens e que pensavam j\u00e1 n\u00e3o ter necessidade de o voltar a fazer, mas agora v\u00eaem-se for\u00e7ados a faz\u00ea-lo novamente. Para evitar esta situa\u00e7\u00e3o, s\u00e3o necess\u00e1rios programas de apoio \u00e0 fixa\u00e7\u00e3o de jovens fam\u00edlias ao n\u00edvel da constru\u00e7\u00e3o de habita\u00e7\u00e3o de qualidade a custos controlados, bem como na recupera\u00e7\u00e3o de casas degradadas do centro hist\u00f3rico, com incentivos e isen\u00e7\u00f5es de v\u00e1ria ordem; pol\u00edticas efectivas de apoio \u00e0s fam\u00edlias e de incentivos \u00e0 recupera\u00e7\u00e3o da taxa de natalidade para n\u00edveis que possam garantir uma renova\u00e7\u00e3o de gera\u00e7\u00f5es;<\/td>\n<\/tr>\n<\/tbody>\n<\/table>\n<table style=\"width: 100%; text-align: center;\" border=\"0\" cellspacing=\"5\" cellpadding=\"5\">\n<tbody>\n<tr>\n<td valign=\"top\"><\/td>\n<td style=\"text-align: justify;\" valign=\"top\">O\u00a0desenvolvimento de pol\u00edticas de parceria no \u00e2mbito do desenvolvimento humano e empresarial (ensino, emprego e forma\u00e7\u00e3o profissional) que contribuam para o alargamento da oferta de cursos, sa\u00eddas profissionais e empregos (qualificados), que potenciem inova\u00e7\u00e3o competitividade e empreendedorismo (<span style=\"color: #800000;\">especialmente incubadoras e ninhos de empresas<\/span>), por forma a evitar a sa\u00edda de quadros;<\/td>\n<\/tr>\n<\/tbody>\n<\/table>\n<table style=\"width: 100%; text-align: center;\" border=\"0\" cellspacing=\"5\" cellpadding=\"5\">\n<tbody>\n<tr>\n<td valign=\"top\"><\/td>\n<td style=\"text-align: justify;\" valign=\"top\">N\u00e3o estimular a fuga desproporcionada para as periferias com avultados custos de infraestruturas e de desloca\u00e7\u00e3o;<\/td>\n<\/tr>\n<\/tbody>\n<\/table>\n<table style=\"width: 100%; text-align: center;\" border=\"0\" cellspacing=\"5\" cellpadding=\"5\">\n<tbody>\n<tr>\n<td valign=\"top\"><\/td>\n<td style=\"text-align: justify;\" valign=\"top\">Nas situa\u00e7\u00f5es de avan\u00e7o para as periferias e nos licenciamentos de novas superf\u00edcies comerciais e novos equipamentos colectivos (normais e naturais em todos os processos de crescimento), que os mesmos sejam devidamente ponderados e acompanhados de medidas que compensem e minimizem esses efeitos;<\/td>\n<\/tr>\n<\/tbody>\n<\/table>\n<table style=\"width: 100%; text-align: center;\" border=\"0\" cellspacing=\"5\" cellpadding=\"5\">\n<tbody>\n<tr>\n<td valign=\"top\"><\/td>\n<td style=\"text-align: justify;\" valign=\"top\">N\u00e3o esquecer as vias estruturantes, principalmente o IC13 e o IC10, fundamentais para a regi\u00e3o, muito em particular a variante a Coruche e a correspondente nova travessia sobre o Vale do Sorraia. No que se refere ao recente relan\u00e7amento das liga\u00e7\u00f5es ferrovi\u00e1rias para passageiros no ramal Setil \u2013 Vendas Novas, n\u00e3o esquecer que, s\u00f3 com a ajuda de solu\u00e7\u00f5es complementares modernas, como a liga\u00e7\u00e3o por miniautocarro a pontos estrat\u00e9gicos, dotados de bons abrigos de passageiros, com estacionamento de viaturas seguro (nesses locais e nas principais esta\u00e7\u00f5es), com paragem em\u00a0todos os locais em que sejam solicitados, dentro da sua linha e\u00a0com comparticipa\u00e7\u00e3o nos custos pelos munic\u00edpios, se poder\u00e1 ajudar bastante a revitalizar esse meio de transporte. Hoje, chegar \u00e0 Gare do Oriente e a Santa Apol\u00f3nia em composi\u00e7\u00f5es modernas (em uma hora aproximadamente), com as liga\u00e7\u00f5es de Metro, Rodovi\u00e1rias, Fluviais (tanto locais como de m\u00e9dio\/longo curso) \u00e9 totalmente diferente do que era h\u00e1 uns anos atr\u00e1s.<\/td>\n<\/tr>\n<tr>\n<td colspan=\"2\">\n<p style=\"text-align: center;\"><img decoding=\"async\" src=\"\/\/www.ticmais.pt\/ticmais\/imagens\/Centro%20Historico%202.jpg\" alt=\"\" \/><\/p>\n<\/td>\n<\/tr>\n<\/tbody>\n<\/table>\n<table style=\"width: 100%; text-align: center;\" border=\"0\" cellspacing=\"5\" cellpadding=\"5\">\n<tbody>\n<tr>\n<td style=\"text-align: justify;\" colspan=\"2\" valign=\"top\"><span style=\"color: #800000;\"><span style=\"color: #800000;\"><span style=\"color: #000000;\"><strong>NOTA:<\/strong><\/span><br \/>\n<strong>Se houver casais jovens a viver no centro hist\u00f3rico da vila de Coruche, trabalhem ou n\u00e3o no concelho, desde que tenham boas condi\u00e7oes de mobilidade e infraestruturas modernas, tudo poder\u00e1 ser mais f\u00e1cil e os programas de apoio mais eficazes.<\/strong><\/span><\/span><\/td>\n<\/tr>\n<tr>\n<td style=\"text-align: justify;\" colspan=\"2\"><img decoding=\"async\" src=\"\/\/www.ticmais.pt\/ticmais\/imagens\/Coruche,Antonio Pinheiro da Costa,TicMAIS,Cantanhede,Cidadania, Movimento.png\" alt=\"\" \/><\/td>\n<\/tr>\n<tr>\n<td style=\"text-align: left;\" colspan=\"2\"><a href=\"https:\/\/www.ticmais.pt\/\"><span style=\"color: #800000;\"><img decoding=\"async\" src=\"\/\/www.ticmais.pt\/ticmais\/imagens\/Coruche, TicMAIS, Antonio Pinheiro da Costa, Movimento de Cidadania, Cantanhede.png\" alt=\"\" \/><\/span><\/a><\/td>\n<\/tr>\n<tr>\n<td style=\"text-align: justify; background-color: #e2dedf;\" colspan=\"2\"><strong>Not\u00edcias relacionadas:<br \/>\n<\/strong><a href=\"http:\/\/tv1.rtp.pt\/noticias\/?t=Centro-historico-de-Coruche-ao-abandono.rtp&amp;headline=20&amp;visual=9&amp;tm=8&amp;article=219160\" target=\"_blank\" rel=\"noopener noreferrer\">O centro hist\u00f3rico de Coruche est\u00e1 abandonado <img decoding=\"async\" src=\"\/\/www.ticmais.pt\/ticmais\/imagens\/ver.PNG\" alt=\"\" \/><\/a><\/td>\n<\/tr>\n<\/tbody>\n<\/table>\n","protected":false},"excerpt":{"rendered":"<p>Tal como em muitas outras zonas do pa\u00eds, o centro hist\u00f3rico da vila de Coruche vem sendo atingido, h\u00e1 j\u00e1 alguns anos, por um acelerado processo de desertifica\u00e7\u00e3o humana e por um aumento significativo de casas fechadas e em degrada\u00e7\u00e3o acentuada. O com\u00e9rcio tradicional, como \u00e9 evidente, por isso, mas n\u00e3o s\u00f3, est\u00e1 a pagar [&hellip;]<\/p>\n","protected":false},"author":1,"featured_media":0,"comment_status":"open","ping_status":"open","sticky":false,"template":"","format":"standard","meta":{"footnotes":""},"categories":[15],"tags":[31,32,2,36,5,6,17,10,11,12,13,62,16],"class_list":["post-867","post","type-post","status-publish","format-standard","hentry","category-tic-mais","tag-3play","tag-4play","tag-antonio-pinheiro-da-costa","tag-camaras-municipais","tag-cidadania","tag-coruche","tag-desenvolvimento-economico","tag-movimentos-civicos","tag-movimento-de-cidadania","tag-municipios","tag-poder-local","tag-revitalizacao-urbana","tag-ticmais"],"_links":{"self":[{"href":"https:\/\/www.ticmais.pt\/index.php?rest_route=\/wp\/v2\/posts\/867","targetHints":{"allow":["GET"]}}],"collection":[{"href":"https:\/\/www.ticmais.pt\/index.php?rest_route=\/wp\/v2\/posts"}],"about":[{"href":"https:\/\/www.ticmais.pt\/index.php?rest_route=\/wp\/v2\/types\/post"}],"author":[{"embeddable":true,"href":"https:\/\/www.ticmais.pt\/index.php?rest_route=\/wp\/v2\/users\/1"}],"replies":[{"embeddable":true,"href":"https:\/\/www.ticmais.pt\/index.php?rest_route=%2Fwp%2Fv2%2Fcomments&post=867"}],"version-history":[{"count":0,"href":"https:\/\/www.ticmais.pt\/index.php?rest_route=\/wp\/v2\/posts\/867\/revisions"}],"wp:attachment":[{"href":"https:\/\/www.ticmais.pt\/index.php?rest_route=%2Fwp%2Fv2%2Fmedia&parent=867"}],"wp:term":[{"taxonomy":"category","embeddable":true,"href":"https:\/\/www.ticmais.pt\/index.php?rest_route=%2Fwp%2Fv2%2Fcategories&post=867"},{"taxonomy":"post_tag","embeddable":true,"href":"https:\/\/www.ticmais.pt\/index.php?rest_route=%2Fwp%2Fv2%2Ftags&post=867"}],"curies":[{"name":"wp","href":"https:\/\/api.w.org\/{rel}","templated":true}]}}