{"id":900,"date":"2011-03-07T23:03:09","date_gmt":"2011-03-07T23:03:09","guid":{"rendered":"http:\/\/www.ticmais.pt\/index.php\/2011\/03\/07\/coruche-um-gigante-adormecido-deitado-sobre-um-leito-magnifico\/"},"modified":"2020-03-07T04:16:46","modified_gmt":"2020-03-07T03:16:46","slug":"coruche-um-gigante-adormecido-deitado-sobre-um-leito-magnifico","status":"publish","type":"post","link":"https:\/\/www.ticmais.pt\/?p=900","title":{"rendered":"Coruche, um gigante adormecido deitado sobre um leito magn\u00edfico!"},"content":{"rendered":"<table style=\"width: 100%;\" border=\"0\" cellspacing=\"5\" cellpadding=\"5\" align=\"justify\">\n<tbody>\n<tr>\n<td valign=\"top\" width=\"160\"><img decoding=\"async\" src=\"https:\/\/www.ticmais.pt\/ticmais\/imagens\/TicmaisAntnioPinheirodaCostaCorucheCantanhedeMovimentodecidadania.jpg\" \/><\/td>\n<td style=\"text-align: justify;\" valign=\"top\"><strong>\u00c9 sobremaneira reconhecido por n\u00f3s\u00a0vivermos num concelho com uma localiza\u00e7\u00e3o geogr\u00e1fica privilegiada, que se revela uma das parcelas do territ\u00f3rio nacional com maior potencial end\u00f3geno<\/strong>. Nele existem n\u00e3o s\u00f3 bons recursos naturais (os melhores solos do pa\u00eds para a produ\u00e7\u00e3o agr\u00edcola, abund\u00e2ncia de \u00e1gua, boas condi\u00e7\u00f5es climat\u00e9ricas, etc.) como tamb\u00e9m recursos humanos cujas capacidades s\u00e3o fundamentais para desenvolver um processo de diversifica\u00e7\u00e3o assente numa efectiva qualidade de vida, assim se promovam efectivamente\u00a0as condi\u00e7\u00f5es de fixa\u00e7\u00e3o e qualifica\u00e7\u00e3o dos seus quadros e dos cidad\u00e3os em geral.<\/td>\n<\/tr>\n<\/tbody>\n<\/table>\n<div><!--more--><\/div>\n<table style=\"width: 100%; text-align: justify;\" border=\"0\" cellspacing=\"5\" cellpadding=\"5\" align=\"justify\">\n<tbody>\n<tr>\n<td>\n<div style=\"text-align: justify;\"><strong>O concelho, em que o Sobreiro \u00e9 rei e a Corti\u00e7a rainha<\/strong>, apresenta uma elevada qualidade ambiental, o que representa um consider\u00e1vel potencial tur\u00edstico, fundado no patrim\u00f3nio (natural e\/ou constru\u00eddo), na cultura, na gastronomia, nos produtos de excel\u00eancia e no meio ambiente.<\/div>\n<div style=\"text-align: justify;\">Os recursos concelhios naturais e vantagens comparativas naturais constituem riqueza a ser explorada com uma aposta no capital humano e no conhecimento.<\/div>\n<div style=\"text-align: justify;\">\u00c9 certo que as estat\u00edsticas teimam em mostrar um cen\u00e1rio sombrio para a agricultura nacional e o concelho sente tamb\u00e9m os efeitos dessa regress\u00e3o, originada por erros de pol\u00edticas agr\u00edcolas nacionais, pelos cortes e pol\u00edticas socialmente contradit\u00f3rias da PAC.<\/div>\n<\/td>\n<\/tr>\n<tr>\n<td>\n<div style=\"text-align: center;\"><img loading=\"lazy\" decoding=\"async\" class=\"aligncenter\" src=\"\/\/www.ticmais.pt\/ticmais\/imagens\/coruche-um-gigante-adormecido-deitado-sobre-um-leito-magnifico2.jpg\" alt=\"\" width=\"464\" height=\"338\" border=\"0\" \/><\/div>\n<\/td>\n<\/tr>\n<tr>\n<td>\n<div style=\"text-align: justify;\">Mas este concelho t\u00e3o grande, t\u00e3o f\u00e9rtil, com tanto potencial inexplorado, com uma excelente localiza\u00e7\u00e3o, infelizmente, parece estar num sono profundo, tal \u00e9 a sua hiberna\u00e7\u00e3o, <strong>o desperd\u00edcio de oportunidades e de recursos<\/strong> (nomeadamente p\u00fablicos e financeiros). Projectos estruturantes n\u00e3o s\u00e3o realizados, obras s\u00e3o abandonadas a meio, os prazos s\u00e3o constantemente dilatados, <a href=\"http:\/\/semanal.omirante.pt\/index.asp?idEdicao=380&amp;id=51478&amp;idSeccao=5684&amp;Action=noticia\" target=\"_blank\" rel=\"noopener noreferrer\">verbas avultadas s\u00e3o pagas por trabalhos a mais<\/a>, <span style=\"color: #000000;\">grandes<\/span> <a href=\"http:\/\/semanal.omirante.pt\/index.asp?idEdicao=396&amp;id=54680&amp;idSeccao=5988&amp;Action=noticia\" target=\"_blank\" rel=\"noopener noreferrer\">indemniza\u00e7\u00f5es s\u00e3o despendidas por trabalhos a menos<\/a> e os quadros de pessoal claramente desajustados em rela\u00e7\u00e3o a algumas carreiras destes novos tempos.<\/div>\n<div style=\"text-align: justify;\">\u00c9 preciso reconquistar a massa cr\u00edtica que por diversas raz\u00f5es tem sa\u00eddo do concelho\u00a0e conquistar novos empreendedores, novos\u00a0povoadores.<\/div>\n<div style=\"text-align: justify;\">O n\u00edvel de exig\u00eancia dos cidad\u00e3os tem de reclamar, pois,\u00a0 medidas eficazes para a reestrutura\u00e7\u00e3o e dinamiza\u00e7\u00e3o do tecido produtivo do concelho que permitam adequar o perfil produtivo \u00e0s condi\u00e7\u00f5es naturais e \u00e0s exig\u00eancias competitivas de um mercado aberto, no respeito pelos valores sociais e\u00a0equil\u00edbrios ambientais.<\/div>\n<div style=\"text-align: justify;\">Por outro lado, \u00e9 preciso reclamar mais transpar\u00eancia, uma resposta mais eficiente e c\u00e9lere na administra\u00e7\u00e3o dos recursos p\u00fablicos, uma maior racionalidade econ\u00f3mica, <strong>mais responsabiliza\u00e7\u00e3o dos seus dirigentes.<\/strong><\/div>\n<div style=\"text-align: justify;\"><strong><span style=\"color: #800000;\">A sociedade\u00a0cada vez tolera menos\u00a0a manuten\u00e7\u00e3o do bin\u00f3mio impostos elevados e m\u00e1 aplica\u00e7\u00e3o dos recursos p\u00fablicos.<\/span><\/strong><\/div>\n<div style=\"text-align: justify;\"><a href=\"http:\/\/errokafkiano.blogspot.com\/2005\/10\/poder-massa-critica.html\" target=\"_blank\" rel=\"noopener noreferrer\"><strong>N\u00e3o basta a obra nova<\/strong><\/a> (importante e necess\u00e1ria), em que os fundos comunit\u00e1rios financiam a sua grande parte, \u00e9 preciso ir mais al\u00e9m <a href=\"http:\/\/www.ticmais.pt\/?p=307\">relativamente ao desenvolvimento do potencial humano e empresarial<\/a>. \u00c9\u00a0urgente criar\u00a0um ambiente favor\u00e1vel e condi\u00e7\u00f5es para estimular a criatividade e transformar o conhecimento em inova\u00e7\u00e3o ao servi\u00e7o do desenvolvimento do concelho.<\/div>\n<div style=\"text-align: justify;\">O concelho de Coruche \u00e9, no contexto regional, um dos que apresenta uma maior taxa de desemprego (11,4% de acordo com o Censos 2001), apenas superado por Salvaterra de Magos (11,9%), bastante longe da m\u00e9dia que em 2001 era de 8,1% na zona Lez\u00edria do Tejo. Trata-se sobretudo de desempregados \u00e0 procura de novo emprego (na faixa dos 35\/54 anos) e de pessoas que procuram o primeiro emprego, o que \u00e9 um sinal revelador do fraco dinamismo econ\u00f3mico e empresarial do concelho, traduzido pelas dificuldades em gerar postos de trabalho. Relativamente ao desemprego, todos sabemos que, em 2008, a situa\u00e7\u00e3o n\u00e3o est\u00e1 melhor bem pelo contr\u00e1rio.<\/div>\n<div style=\"text-align: justify;\">Da evolu\u00e7\u00e3o demogr\u00e1fica recente, assumem-se como aspectos mais preocupantes a tend\u00eancia evidente de envelhecimento demogr\u00e1fico, a perda de popula\u00e7\u00e3o, o abandono da popula\u00e7\u00e3o jovem e o encerramento de escolas.<\/div>\n<div style=\"text-align: justify;\">Tamb\u00e9m preocupantes s\u00e3o os baixos n\u00edveis de escolaridade e de qualifica\u00e7\u00e3o profissional da popula\u00e7\u00e3o residente no concelho, onde a taxa de analfabetismo \u00e9 superior \u00e0 m\u00e9dia nacional (perto dos 22% nos censos de 2001).<\/div>\n<div style=\"text-align: justify;\"><span style=\"color: #800000;\"><span style=\"color: #000000;\">Coruche \u00e9, ao contr\u00e1rio do que alguns apregoam<\/span>, <a href=\"http:\/\/noticiasdoribatejo.blogs.sapo.pt\/1072204.html\" target=\"_blank\" rel=\"noopener noreferrer\">um concelho com problemas de depress\u00e3o social<\/a>, <span style=\"color: #000000;\">envelhecido e economicamente deprimido.<\/span><\/span><\/div>\n<div><span style=\"color: #800000;\"><span style=\"color: #000000;\"><span style=\"color: #800000;\"><span style=\"color: #000000;\">O atraso no arranque das vias estruturantes, principalmente o IC13 e o IC10, fundamentais para a regi\u00e3o, muito em particular a variante a Coruche e a correspondente nova travessia sobre o Vale do Sorraia<\/span>,\u00a0<a href=\"index.php?view=article&amp;catid=14%3Aeconomia&amp;id=171%3Aparque-industrial-parque-de-negocios-ou-parque-tecnologico&amp;option=com_content&amp;Itemid=65\">a n\u00e3o concretiza\u00e7\u00e3o do Parque de Neg\u00f3cios<\/a>, o\u00a0<a href=\"http:\/\/semanal.omirante.pt\/index.asp?idEdicao=294&amp;id=35613&amp;idSeccao=4178&amp;Action=noticia\" target=\"_blank\" rel=\"noopener noreferrer\">encerramento da Zona Agr\u00e1ria de Coruche<\/a><span style=\"color: #000000;\">, as<\/span> <a href=\"index.php?view=article&amp;catid=14%3Aeconomia&amp;id=1133%3Aproducao-de-acucar-de-beterraba-termina-em-portugal-ao-fim-de-11-anos&amp;option=com_content&amp;Itemid=65\">dificuldades colocadas \u00e0 DAI<\/a> <span style=\"color: #000000;\">pela<\/span> <a href=\"http:\/\/diariodigital.sapo.pt\/news.asp?section_id=13&amp;id_news=344686\" target=\"_blank\" rel=\"noopener noreferrer\">liquida\u00e7\u00e3o da cultura da beterraba a\u00e7ucareira<\/a> <span style=\"color: #000000;\">e o abandono da realiza\u00e7\u00e3o da Feira das Actividades Econ\u00f3micas s\u00e3o tamb\u00e9m sinais reveladores de que as coisas n\u00e3o v\u00e3o bem.<\/span><\/span><\/span><\/span><\/div>\n<div><span style=\"color: #800000;\"><span style=\"color: #000000;\"><span style=\"color: #800000;\"><span style=\"color: #000000;\"><strong>Se olharmos em pormenor para um mapa de estradas,\u00a0ficamos com a sensa\u00e7\u00e3o que os<span style=\"color: #000000;\"> Itiner\u00e1rios Principais e Complementares parecem ter-se desviado de prop\u00f3sito do concelho de Coruche.<\/span><\/strong><\/span><\/span><\/span><\/span><\/div>\n<div style=\"text-align: center;\"><span style=\"color: #800000;\"><span style=\"color: #000000;\"><span style=\"color: #800000;\"><span style=\"color: #000000;\"><img loading=\"lazy\" decoding=\"async\" class=\"aligncenter\" src=\"\/\/www.ticmais.pt\/ticmais\/imagens\/as-obras-nas-pontes-de-coruche%203.png\" alt=\"\" width=\"464\" height=\"353\" border=\"0\" \/><\/span><\/span><\/span><\/span><\/div>\n<\/td>\n<\/tr>\n<tr>\n<td style=\"background-color: #bef1a6;\">\n<div><strong>Feira de Actividades Econ\u00f3micas<br \/>\n<\/strong><br \/>\nPara al\u00e9m da programa\u00e7\u00e3o que apresentam e da projec\u00e7\u00e3o ineg\u00e1vel que desfrutam, as Festas em Honra de Nossa Senhora do Castelo t\u00eam que ajudar, de modo mais significativo, para a promo\u00e7\u00e3o do desenvolvimento econ\u00f3mico, social, tecnol\u00f3gico, ambiental e tur\u00edstico do nosso concelho.<\/div>\n<div>Como tal, t\u00eam de passar a integrar tamb\u00e9m a componente de Feira de Actividades Econ\u00f3micas, diversificar e alargar a sua base de financiamento e apoiar-se, como \u00e9 evidente, nos modernos meios promocionais das Tecnologias da Comunica\u00e7\u00e3o e Informa\u00e7\u00e3o (exemplo: site promocional espec\u00edfico.Um caminho s\u00f3 poss\u00edvel de percorrer com a participa\u00e7\u00e3o e envolvimento dos agentes econ\u00f3micos, das institui\u00e7\u00f5es e da popula\u00e7\u00e3o.<\/div>\n<div>Coruche deveria aproveitar a din\u00e2mica das Festas como via potenciadora noutros dom\u00ednios!<\/div>\n<div><strong>Not\u00edcias relacionadas:<\/strong><br \/>\n<a href=\"http:\/\/noticiasdoribatejo.blogs.sapo.pt\/1072204.html\" target=\"_blank\" rel=\"noopener noreferrer\">NO DISTRITO DE SANTAR\u00c9M \u2013 VAMOS SER MENOS E MAIS VELHOS!<\/a><\/div>\n<\/td>\n<\/tr>\n<tr>\n<td valign=\"top\"><img decoding=\"async\" src=\"\/\/www.ticmais.pt\/ticmais\/imagens\/Coruche,Antonio Pinheiro da Costa,TicMAIS,Cantanhede,Cidadania, Movimento.png\" alt=\"\" \/><\/td>\n<\/tr>\n<tr>\n<td><a href=\"https:\/\/www.ticmais.pt\/\"><span style=\"color: #800000;\"><span style=\"color: #800000;\"><img decoding=\"async\" src=\"\/\/www.ticmais.pt\/ticmais\/imagens\/Coruche, TicMAIS, Antonio Pinheiro da Costa, Movimento de Cidadania, Cantanhede.png\" alt=\"\" \/><\/span><\/span><\/a><\/td>\n<\/tr>\n<\/tbody>\n<\/table>\n","protected":false},"excerpt":{"rendered":"<p>\u00c9 sobremaneira reconhecido por n\u00f3s\u00a0vivermos num concelho com uma localiza\u00e7\u00e3o geogr\u00e1fica privilegiada, que se revela uma das parcelas do territ\u00f3rio nacional com maior potencial end\u00f3geno. Nele existem n\u00e3o s\u00f3 bons recursos naturais (os melhores solos do pa\u00eds para a produ\u00e7\u00e3o agr\u00edcola, abund\u00e2ncia de \u00e1gua, boas condi\u00e7\u00f5es climat\u00e9ricas, etc.) como tamb\u00e9m recursos humanos cujas capacidades s\u00e3o [&hellip;]<\/p>\n","protected":false},"author":1,"featured_media":0,"comment_status":"open","ping_status":"open","sticky":false,"template":"","format":"standard","meta":{"footnotes":""},"categories":[15],"tags":[201,1710,2,178,3,4,5,444,6,42,17,375,25,7,157,1711,29,22,33,1712,10,11,12,23,18,13,1713,216,1714,19,28,16,1715],"class_list":["post-900","post","type-post","status-publish","format-standard","hentry","category-tic-mais","tag-acessibilidades","tag-agricultura","tag-antonio-pinheiro-da-costa","tag-autarquias","tag-camara-municipal-de-coruche","tag-cantanhede","tag-cidadania","tag-cortica","tag-coruche","tag-desemprego","tag-desenvolvimento-economico","tag-desertificacao","tag-ecologia-e-desenvolvimento-sustentavel","tag-egov","tag-empreendedorismo","tag-endogenos","tag-fuga-de-cerebros","tag-inovacao","tag-interioridade","tag-montado-de-sobro","tag-movimentos-civicos","tag-movimento-de-cidadania","tag-municipios","tag-parques-tecnologicos","tag-plano-tecnologico","tag-poder-local","tag-potencialidades","tag-recursos","tag-sobreiro","tag-sociedade-do-conhecinentoda-informacao","tag-tecnologia","tag-ticmais","tag-vale-do-sorraia"],"_links":{"self":[{"href":"https:\/\/www.ticmais.pt\/index.php?rest_route=\/wp\/v2\/posts\/900","targetHints":{"allow":["GET"]}}],"collection":[{"href":"https:\/\/www.ticmais.pt\/index.php?rest_route=\/wp\/v2\/posts"}],"about":[{"href":"https:\/\/www.ticmais.pt\/index.php?rest_route=\/wp\/v2\/types\/post"}],"author":[{"embeddable":true,"href":"https:\/\/www.ticmais.pt\/index.php?rest_route=\/wp\/v2\/users\/1"}],"replies":[{"embeddable":true,"href":"https:\/\/www.ticmais.pt\/index.php?rest_route=%2Fwp%2Fv2%2Fcomments&post=900"}],"version-history":[{"count":0,"href":"https:\/\/www.ticmais.pt\/index.php?rest_route=\/wp\/v2\/posts\/900\/revisions"}],"wp:attachment":[{"href":"https:\/\/www.ticmais.pt\/index.php?rest_route=%2Fwp%2Fv2%2Fmedia&parent=900"}],"wp:term":[{"taxonomy":"category","embeddable":true,"href":"https:\/\/www.ticmais.pt\/index.php?rest_route=%2Fwp%2Fv2%2Fcategories&post=900"},{"taxonomy":"post_tag","embeddable":true,"href":"https:\/\/www.ticmais.pt\/index.php?rest_route=%2Fwp%2Fv2%2Ftags&post=900"}],"curies":[{"name":"wp","href":"https:\/\/api.w.org\/{rel}","templated":true}]}}