{"id":919,"date":"2009-01-03T19:00:27","date_gmt":"2009-01-03T19:00:27","guid":{"rendered":"http:\/\/www.ticmais.pt\/index.php\/2009\/01\/03\/coruche-as-acessibilidades-e-a-mobilidade\/"},"modified":"2021-05-02T22:17:59","modified_gmt":"2021-05-02T21:17:59","slug":"coruche-as-acessibilidades-e-a-mobilidade","status":"publish","type":"post","link":"https:\/\/www.ticmais.pt\/?p=919","title":{"rendered":"Coruche \u2013 as acessibilidades e a mobilidade"},"content":{"rendered":"<table style=\"width: 100%;\" border=\"0\" cellspacing=\"5\" cellpadding=\"5\">\n<tbody>\n<tr>\n<td valign=\"top\" width=\"160\"><img decoding=\"async\" src=\"https:\/\/www.ticmais.pt\/ticmais\/imagens\/TicmaisAntnioPinheirodaCostaCorucheCantanhedeMovimentodecidadania.jpg\" \/><\/td>\n<td valign=\"top\">\n<p style=\"text-align: justify;\">A import\u00e2ncia dum concelho como o de Coruche depende muito da forma qualitativa como se insere no sistema urbano de proximidade e do modo como se relaciona com os outros territ\u00f3rios.<\/p>\n<p style=\"text-align: justify;\"><a href=\"http:\/\/www.ticmais.pt\/?p=1234\"><img decoding=\"async\" src=\"\/\/www.ticmais.pt\/ticmais\/imagens\/ticmaislogomini.png\" alt=\"\" \/><\/a><\/p>\n<\/td>\n<\/tr>\n<\/tbody>\n<\/table>\n<div><!--more--><\/div>\n<table style=\"width: 100%;\" border=\"0\" cellspacing=\"5\" cellpadding=\"5\" align=\"justify\">\n<tbody>\n<tr>\n<td valign=\"top\">\n<p style=\"text-align: justify;\">A demora na concretiza\u00e7\u00e3o das principais vias estruturantes para o concelho, j\u00e1 previstas no <a href=\"https:\/\/ler.letras.up.pt\/uploads\/ficheiros\/artigo1901.PDF\">Plano Rodovi\u00e1rio Nacional de 1985<\/a> (h\u00e1 mais de um quarto de s\u00e9culo) <a href=\"https:\/\/www.ticmais.pt\/ticmais\/pdf\/2008.06.21.mario.lino.em.coruche.aeroporto.ic10.ic13.pdf\">principalmente o IC13 e o IC10<\/a>, fundamentais para a nossa regi\u00e3o, muito em particular a variante a Coruche e a correspondente nova travessia sobre o Vale do Sorraia, continuam a alimentar debates, campanhas eleitorais, muita poeira medi\u00e1tica, mas os Coruchenses (e n\u00e3o s\u00f3) continuam a pagar bem caro a sua aus\u00eancia. Se olharmos em pormenor para um mapa de estradas, ficamos com a sensa\u00e7\u00e3o que os Itiner\u00e1rios Principais e Complementares parecem ter-se desviado de prop\u00f3sito do concelho de Coruche.<\/p>\n<div style=\"text-align: justify;\"><img loading=\"lazy\" decoding=\"async\" class=\"aligncenter\" src=\"\/\/www.ticmais.pt\/ticmais\/imagens\/as-obras-nas-pontes-de-coruche%203.png\" alt=\"\" width=\"464\" height=\"353\" border=\"0\" \/><\/div>\n<div><span style=\"color: #ffffff;\">.<\/span><\/div>\n<div style=\"text-align: justify;\">A agravar ainda mais esta situa\u00e7\u00e3o est\u00e1 o facto de, na Lez\u00edria do Tejo, o concelho de Coruche ser o que apresenta a mais baixa taxa de cobertura de transportes coletivos (apenas 55%), o que significa que tem uma popula\u00e7\u00e3o de mais de 10 mil habitantes sem cobertura. Benavente tem 98%, Santar\u00e9m 90%, enquanto, nos outros concelhos da Lez\u00edria, as percentagens variam entre os 80 e os 95%.<\/div>\n<div><span style=\"color: #ffffff;\">.<\/span><\/div>\n<div style=\"text-align: justify;\"><strong>No que se refere ao relan\u00e7amento das liga\u00e7\u00f5es ferrovi\u00e1rias para passageiros entre Coruche &#8211; Setil &#8211; Lisboa<\/strong>, n\u00e3o esquecer que, s\u00f3 com a ajuda de solu\u00e7\u00f5es complementares engenhosas, como a liga\u00e7\u00e3o por miniautocarros a pontos estrat\u00e9gicos (dotados de bons abrigos de passageiros) com estacionamento de viaturas seguro (perto desses abrigos e nas esta\u00e7\u00f5es) que procure &#8220;aproximar&#8221; as esta\u00e7\u00f5es da casa dos cidad\u00e3os, s\u00f3 assim se poder\u00e1 ajudar bastante a revitalizar esse meio de transporte. Esses miniautocarros dever\u00e3o garantir sempre o transporte de regresso ao local de partida, mesmo quando o meio ferrovi\u00e1rio sofra atrasos. No seu circuito, os miniautocarros dever\u00e3o ter o sistema de \u00a0paragem em todos os locais em que sejam solicitados dentro da sua linha e as autarquias locais\u00a0 dever\u00e3o aqui contribuir com uma parte.<\/div>\n<div><span style=\"color: #ffffff;\">.<\/span><\/div>\n<div>Tamb\u00e9m o sistema fiscal dever\u00e1 fazer a sua parte, permitindo a dedu\u00e7\u00e3o fiscal de algumas despesas destes transportes p\u00fablicos e do estacionamento, especialmente para os trabalhadores.<\/div>\n<div><span style=\"color: #ffffff;\">.<\/span><\/div>\n<div style=\"text-align: justify;\"><strong>Hoje, chegar \u00e0 Gare do Oriente e a Santa Apol\u00f3nia<\/strong>, servidas com as liga\u00e7\u00f5es de Metro, Rodovi\u00e1rias (tanto locais como de m\u00e9dio\/longo curso), em composi\u00e7\u00f5es modernas (em tempo aceit\u00e1vel),\u00a0poder\u00e1\u00a0 ser\u00a0totalmente diferente do que era aqui h\u00e1 uns anos.<\/div>\n<div style=\"text-align: justify;\"><a href=\"https:\/\/issuu.com\/museumunicipalcoruche\/docs\/cat__logo_caminhos_de_ferro_em_coru\"><strong>Cat\u00e1logo Caminhos de ferro em Coruche<\/strong><\/a> (Museu Municipal de Coruche)<\/div>\n<div style=\"text-align: justify;\"><span style=\"color: #ffffff;\">.<\/span><\/div>\n<div style=\"text-align: justify;\"><img decoding=\"async\" class=\"aligncenter\" src=\"\/\/www.ticmais.pt\/ticmais\/imagens\/Coruche%20as%20acessibilidades%20e%20a%20mobilidade%202.jpg\" alt=\"\" \/><\/div>\n<div><span style=\"color: #ffffff;\">.<\/span><\/div>\n<div><span style=\"color: #ffffff;\">.<\/span><\/div>\n<div style=\"text-align: justify;\">\u00c9 imperioso pugnar tamb\u00e9m pelo j\u00e1 falado corredor ferrovi\u00e1rio entre a pen\u00ednsula de Set\u00fabal e o Oeste, passando pelos v\u00e1rios concelhos da Lez\u00edria, que ganha agora uma nova acuidade, nomeadamente com a op\u00e7\u00e3o do novo aeroporto de Alcochete (agora Montijo).<\/div>\n<div><span style=\"color: #ffffff;\">.<\/span><\/div>\n<div style=\"text-align: justify;\">Nos tempos que correm, assume cada vez mais import\u00e2ncia o aumento dos n\u00edveis de mobilidade, nomeadamente uma maior aposta na utiliza\u00e7\u00e3o de meios de transportes p\u00fablicos (comboios, autocarros) em detrimento do transporte individual, com todos os inconvenientes que ele acarreta.<\/div>\n<div><span style=\"color: #ffffff;\">.<\/span><\/div>\n<div style=\"text-align: justify;\">Relativamente \u00e0 Vila de Coruche e zonas envolventes, imp\u00f5e-se, tamb\u00e9m aqui, uma maior aposta no circuito de transportes urbanos (movidos com energias mais amigas do ambiente) que parem em todos os locais em que sejam solicitados, dentro da sua linha.<\/div>\n<div><\/div>\n<div><strong>Nota:<\/strong> Este artigo foi escrito em Janeiro de 2009 e teve algumas adapta\u00e7\u00f5es em Abril de 2021<\/div>\n<div><span style=\"color: #ffffff;\">.<\/span><\/div>\n<div><strong><a href=\"https:\/\/www.ticmais.pt\/ticmais\/pdf\/2008.06.21.coruche.as.acessibilidades.e.a.mobilidade.pdf\">Not\u00edcia publicada no Jornal Mais Regi\u00e3o<\/a><\/strong><\/div>\n<div><span style=\"color: #ffffff;\">.<\/span><\/div>\n<div><strong>Not\u00edcia Relacionada:<\/strong><\/div>\n<div><a href=\"https:\/\/www.ticmais.pt\/ticmais\/pdf\/2007.10.pontes.de.coruche.vao.para.obras.pdf\"><strong>Pontes de Coruche v\u00e3o para obras<\/strong><\/a><\/div>\n<div><a href=\"https:\/\/www.ticmais.pt\/ticmais\/pdf\/2008.06.21.mario.lino.em.coruche.aeroporto.ic10.ic13.pdf\"><strong>Em Coruche M\u00e1rio Lino Anuncia Constru\u00e7\u00e3o de IC 10 e IC 13<\/strong><\/a><\/div>\n<div><span style=\"color: #ffffff;\">.<\/span><\/div>\n<div style=\"text-align: justify;\"><img decoding=\"async\" src=\"\/\/www.ticmais.pt\/ticmais\/imagens\/Coruche,Antonio Pinheiro da Costa,TicMAIS,Cantanhede,Cidadania, Movimento.png\" alt=\"\" \/><\/div>\n<div style=\"text-align: justify;\"><a href=\"https:\/\/www.ticmais.pt\/\"><span style=\"color: #800000;\"><img decoding=\"async\" src=\"\/\/www.ticmais.pt\/ticmais\/imagens\/Coruche, TicMAIS, Antonio Pinheiro da Costa, Movimento de Cidadania, Cantanhede.png\" alt=\"\" \/><\/span><\/a><\/div>\n<\/td>\n<\/tr>\n<tr>\n<td style=\"text-align: justify; background-color: #e2dedf;\"><a href=\"http:\/\/www.ticmais.pt\/?tag=ticmais\" target=\"_blank\" rel=\"noopener noreferrer\">Outras not\u00edcias do Movimento E-Coruche<\/a><\/td>\n<\/tr>\n<\/tbody>\n<\/table>\n","protected":false},"excerpt":{"rendered":"<p>A import\u00e2ncia dum concelho como o de Coruche depende muito da forma qualitativa como se insere no sistema urbano de proximidade e do modo como se relaciona com os outros territ\u00f3rios.<\/p>\n","protected":false},"author":1,"featured_media":0,"comment_status":"open","ping_status":"open","sticky":false,"template":"","format":"standard","meta":{"footnotes":""},"categories":[15],"tags":[201,2,178,3,4,5,6,17,157,22,202,10,11,12,13,19,16,113],"class_list":["post-919","post","type-post","status-publish","format-standard","hentry","category-tic-mais","tag-acessibilidades","tag-antonio-pinheiro-da-costa","tag-autarquias","tag-camara-municipal-de-coruche","tag-cantanhede","tag-cidadania","tag-coruche","tag-desenvolvimento-economico","tag-empreendedorismo","tag-inovacao","tag-mobilidade","tag-movimentos-civicos","tag-movimento-de-cidadania","tag-municipios","tag-poder-local","tag-sociedade-do-conhecinentoda-informacao","tag-ticmais","tag-transportes"],"_links":{"self":[{"href":"https:\/\/www.ticmais.pt\/index.php?rest_route=\/wp\/v2\/posts\/919","targetHints":{"allow":["GET"]}}],"collection":[{"href":"https:\/\/www.ticmais.pt\/index.php?rest_route=\/wp\/v2\/posts"}],"about":[{"href":"https:\/\/www.ticmais.pt\/index.php?rest_route=\/wp\/v2\/types\/post"}],"author":[{"embeddable":true,"href":"https:\/\/www.ticmais.pt\/index.php?rest_route=\/wp\/v2\/users\/1"}],"replies":[{"embeddable":true,"href":"https:\/\/www.ticmais.pt\/index.php?rest_route=%2Fwp%2Fv2%2Fcomments&post=919"}],"version-history":[{"count":0,"href":"https:\/\/www.ticmais.pt\/index.php?rest_route=\/wp\/v2\/posts\/919\/revisions"}],"wp:attachment":[{"href":"https:\/\/www.ticmais.pt\/index.php?rest_route=%2Fwp%2Fv2%2Fmedia&parent=919"}],"wp:term":[{"taxonomy":"category","embeddable":true,"href":"https:\/\/www.ticmais.pt\/index.php?rest_route=%2Fwp%2Fv2%2Fcategories&post=919"},{"taxonomy":"post_tag","embeddable":true,"href":"https:\/\/www.ticmais.pt\/index.php?rest_route=%2Fwp%2Fv2%2Ftags&post=919"}],"curies":[{"name":"wp","href":"https:\/\/api.w.org\/{rel}","templated":true}]}}