{"id":931,"date":"2008-09-20T07:13:33","date_gmt":"2008-09-20T06:13:33","guid":{"rendered":"http:\/\/www.ticmais.pt\/index.php\/2008\/09\/20\/direccao-geral-do-consumidor-questiona-taxa-de-abastecimento-de-agua\/"},"modified":"2008-09-20T07:13:33","modified_gmt":"2008-09-20T06:13:33","slug":"direccao-geral-do-consumidor-questiona-taxa-de-abastecimento-de-agua","status":"publish","type":"post","link":"https:\/\/www.ticmais.pt\/?p=931","title":{"rendered":"Direc\u00e7\u00e3o-Geral do Consumidor questiona taxa de abastecimento de \u00e1gua"},"content":{"rendered":"<table border=\"0\" cellspacing=\"5\" cellpadding=\"5\" width=\"100%\">\n<tbody>\n<tr>\n<td width=\"160\" valign=\"top\">\n<p align=\"justify\"><img decoding=\"async\" src=\"\/\/www.ticmais.pt\/ticmais\/imagens\/direccao-geral-do-consumidor-questiona-taxa-de-abastecimento-de-agua.jpg\" border=\"0\" alt=\"\" \/><\/p>\n<\/td>\n<td valign=\"top\">\n<p align=\"justify\">A Direc\u00e7\u00e3o-Geral do Consumidor anunciou que vai solicitar esclarecimentos \u00e0s empresas fornecedoras de \u00e1gua em rela\u00e7\u00e3o \u00e0 base legal em que se fundamentam para aplicar uma nova taxa sobre o abastecimento.<\/p>\n<\/td>\n<\/tr>\n<\/tbody>\n<\/table>\n<p><!--more--><\/p>\n<table border=\"0\" cellspacing=\"5\" cellpadding=\"5\" width=\"100%\" align=\"justify\">\n<tbody>\n<tr>\n<td valign=\"top\">\n<p align=\"justify\">Atrav\u00e9s de comunicado, a Direc\u00e7\u00e3o-Geral do Consumidor (DGC) informa que pediu, \u00abcom car\u00e1cter de urg\u00eancia, a todas as entidades fornecedoras de \u00e1gua informa\u00e7\u00e3o sobre a base legal em que se suporta o lan\u00e7amento dessa taxa e a identifica\u00e7\u00e3o detalhada dos custos reais que a mesmo visa cobrir\u00bb.<\/p>\n<p align=\"justify\">O comunicado refere que foram pedidos estes esclarecimentos, depois de a Direc\u00e7\u00e3o-Geral do Consumidor receber \u00abum n\u00famero assinal\u00e1vel de quest\u00f5es colocadas pelos consumidores\u00bb.<\/p>\n<p align=\"justify\">\u00c9 tamb\u00e9m questionado os fornecedores de \u00e1gua se foram feitos estudos para sustentar os custos praticados e quais foram as conclus\u00f5es dos mesmos.<\/p>\n<p align=\"justify\">Este pedido surge no seguimento de muitas autarquias terem criado uma \u00abtaxa de disponibilidade\u00bb de \u00e1gua, ap\u00f3s o Parlamento ter aprovado o fim da cobran\u00e7a do aluguer de contadores.<\/p>\n<p align=\"justify\">Fonte: <a href=\"http:\/\/tsf.sapo.pt\/\" target=\"_blank\">TSF<\/a><\/p>\n<\/td>\n<\/tr>\n<\/tbody>\n<\/table>\n","protected":false},"excerpt":{"rendered":"<p>A Direc\u00e7\u00e3o-Geral do Consumidor anunciou que vai solicitar esclarecimentos \u00e0s empresas fornecedoras de \u00e1gua em rela\u00e7\u00e3o \u00e0 base legal em que se fundamentam para aplicar uma nova taxa sobre o abastecimento.<\/p>\n","protected":false},"author":1,"featured_media":0,"comment_status":"open","ping_status":"open","sticky":false,"template":"","format":"standard","meta":{"footnotes":""},"categories":[15],"tags":[90],"class_list":["post-931","post","type-post","status-publish","format-standard","hentry","category-tic-mais","tag-impostos"],"_links":{"self":[{"href":"https:\/\/www.ticmais.pt\/index.php?rest_route=\/wp\/v2\/posts\/931","targetHints":{"allow":["GET"]}}],"collection":[{"href":"https:\/\/www.ticmais.pt\/index.php?rest_route=\/wp\/v2\/posts"}],"about":[{"href":"https:\/\/www.ticmais.pt\/index.php?rest_route=\/wp\/v2\/types\/post"}],"author":[{"embeddable":true,"href":"https:\/\/www.ticmais.pt\/index.php?rest_route=\/wp\/v2\/users\/1"}],"replies":[{"embeddable":true,"href":"https:\/\/www.ticmais.pt\/index.php?rest_route=%2Fwp%2Fv2%2Fcomments&post=931"}],"version-history":[{"count":0,"href":"https:\/\/www.ticmais.pt\/index.php?rest_route=\/wp\/v2\/posts\/931\/revisions"}],"wp:attachment":[{"href":"https:\/\/www.ticmais.pt\/index.php?rest_route=%2Fwp%2Fv2%2Fmedia&parent=931"}],"wp:term":[{"taxonomy":"category","embeddable":true,"href":"https:\/\/www.ticmais.pt\/index.php?rest_route=%2Fwp%2Fv2%2Fcategories&post=931"},{"taxonomy":"post_tag","embeddable":true,"href":"https:\/\/www.ticmais.pt\/index.php?rest_route=%2Fwp%2Fv2%2Ftags&post=931"}],"curies":[{"name":"wp","href":"https:\/\/api.w.org\/{rel}","templated":true}]}}