{"id":3033,"count":2,"description":"","link":"https:\/\/www.ticmais.pt\/?tag=direcao-geral-da-educacao","name":"Dire\u00e7\u00e3o-Geral da Educa\u00e7\u00e3o","slug":"direcao-geral-da-educacao","taxonomy":"post_tag","meta":[],"_links":{"self":[{"href":"https:\/\/www.ticmais.pt\/index.php?rest_route=\/wp\/v2\/tags\/3033","targetHints":{"allow":["GET"]}}],"collection":[{"href":"https:\/\/www.ticmais.pt\/index.php?rest_route=\/wp\/v2\/tags"}],"about":[{"href":"https:\/\/www.ticmais.pt\/index.php?rest_route=\/wp\/v2\/taxonomies\/post_tag"}],"wp:post_type":[{"href":"https:\/\/www.ticmais.pt\/index.php?rest_route=%2Fwp%2Fv2%2Fposts&tags=3033"}],"curies":[{"name":"wp","href":"https:\/\/api.w.org\/{rel}","templated":true}]}}