{"id":4091,"count":1,"description":"","link":"https:\/\/www.ticmais.pt\/?tag=plano-de-recuperacao-economica-e-social","name":"Plano de Recupera\u00e7\u00e3o Econ\u00f3mica e Social","slug":"plano-de-recuperacao-economica-e-social","taxonomy":"post_tag","meta":[],"_links":{"self":[{"href":"https:\/\/www.ticmais.pt\/index.php?rest_route=\/wp\/v2\/tags\/4091","targetHints":{"allow":["GET"]}}],"collection":[{"href":"https:\/\/www.ticmais.pt\/index.php?rest_route=\/wp\/v2\/tags"}],"about":[{"href":"https:\/\/www.ticmais.pt\/index.php?rest_route=\/wp\/v2\/taxonomies\/post_tag"}],"wp:post_type":[{"href":"https:\/\/www.ticmais.pt\/index.php?rest_route=%2Fwp%2Fv2%2Fposts&tags=4091"}],"curies":[{"name":"wp","href":"https:\/\/api.w.org\/{rel}","templated":true}]}}